{"id":4180,"date":"2023-07-10T19:22:00","date_gmt":"2023-07-11T00:22:00","guid":{"rendered":"https:\/\/imdhd.org\/redlupa\/?p=4180"},"modified":"2024-07-04T19:27:53","modified_gmt":"2024-07-05T00:27:53","slug":"desaparecer-en-baja-california","status":"publish","type":"post","link":"https:\/\/imdhd.org\/redlupa\/repositorio\/desaparecer-en-baja-california\/","title":{"rendered":"Desaparecer en Baja California"},"content":{"rendered":"<div style=\"margin-top: 0px; margin-bottom: 0px;\" class=\"sharethis-inline-share-buttons\" ><\/div>\n<figure class=\"wp-block-image size-large has-lightbox\"><a href=\"https:\/\/desaparecerenbc.elementaddhh.org\/\" target=\"_blank\" rel=\"noreferrer noopener\"><img decoding=\"async\" src=\"https:\/\/desaparecerenbc.elementaddhh.org\/images\/elementa.png\" alt=\"\"\/><\/a><\/figure>\n\n\n\n<p class=\"wp-block-paragraph\"><strong>Resumen:<\/strong> Este es un proyecto de la l\u00ednea de verdad, justicia y reparaci\u00f3n de Elementa DDHH que tiene como objetivo reunir informaci\u00f3n sobre la desaparici\u00f3n de personas en Baja California.\u00a0<em>Desaparecer en Baja California<\/em>\u00a0es un espacio \u00abvivo\u00bb con actualizaciones constantes para la construcci\u00f3n de la memoria colectiva.<\/p>\n","protected":false},"excerpt":{"rendered":"<p>Resumen: Este es un proyecto de la l\u00ednea de verdad, justicia y reparaci\u00f3n de Elementa DDHH que tiene como objetivo reunir informaci\u00f3n sobre la desaparici\u00f3n de personas en Baja California.\u00a0Desaparecer en Baja California\u00a0es un espacio \u00abvivo\u00bb con actualizaciones constantes para la construcci\u00f3n de la memoria colectiva.<\/p>\n","protected":false},"author":1,"featured_media":0,"comment_status":"closed","ping_status":"open","sticky":false,"template":"","format":"standard","meta":{"_acf_changed":false,"_coblocks_attr":"","_coblocks_dimensions":"","_coblocks_responsive_height":"","_coblocks_accordion_ie_support":"","_uag_custom_page_level_css":"","footnotes":""},"categories":[19],"tags":[],"class_list":["post-4180","post","type-post","status-publish","format-standard","hentry","category-repositorio","entry"],"acf":[],"yoast_head":"<!-- This site is optimized with the Yoast SEO plugin v28.4 - https:\/\/yoast.com\/product\/yoast-seo-wordpress\/ -->\n<title>Desaparecer en Baja California - Red Lupa - Evaluamos la Ley general en materia de desaparici\u00f3n forzada<\/title>\n<meta name=\"robots\" content=\"index, follow, max-snippet:-1, max-image-preview:large, max-video-preview:-1\" \/>\n<link rel=\"canonical\" href=\"https:\/\/imdhd.org\/redlupa\/repositorio\/desaparecer-en-baja-california\/\" \/>\n<meta property=\"og:locale\" content=\"es_ES\" \/>\n<meta property=\"og:type\" content=\"article\" \/>\n<meta property=\"og:title\" content=\"Desaparecer en Baja California - Red Lupa - Evaluamos la Ley general en materia de desaparici\u00f3n forzada\" \/>\n<meta property=\"og:description\" content=\"Resumen: Este es un proyecto de la l\u00ednea de verdad, justicia y reparaci\u00f3n de Elementa DDHH que tiene como objetivo reunir informaci\u00f3n sobre la desaparici\u00f3n de personas en Baja California.\u00a0Desaparecer en Baja California\u00a0es un espacio \u00abvivo\u00bb con actualizaciones constantes para la construcci\u00f3n de la memoria colectiva.\" \/>\n<meta property=\"og:url\" content=\"https:\/\/imdhd.org\/redlupa\/repositorio\/desaparecer-en-baja-california\/\" \/>\n<meta property=\"og:site_name\" content=\"Red Lupa - Evaluamos la Ley general en materia de desaparici\u00f3n forzada\" \/>\n<meta property=\"article:published_time\" content=\"2023-07-11T00:22:00+00:00\" \/>\n<meta property=\"article:modified_time\" content=\"2024-07-05T00:27:53+00:00\" \/>\n<meta property=\"og:image\" content=\"https:\/\/desaparecerenbc.elementaddhh.org\/images\/elementa.png\" \/>\n<meta name=\"author\" content=\"admin\" \/>\n<meta name=\"twitter:card\" content=\"summary_large_image\" \/>\n<meta name=\"twitter:label1\" content=\"Escrito por\" \/>\n\t<meta name=\"twitter:data1\" content=\"admin\" \/>\n\t<meta name=\"twitter:label2\" content=\"Tiempo de lectura\" \/>\n\t<meta name=\"twitter:data2\" content=\"1 minuto\" \/>\n<script type=\"application\/ld+json\" class=\"yoast-schema-graph\">{\"@context\":\"https:\\\/\\\/schema.org\",\"@graph\":[{\"@type\":\"Article\",\"@id\":\"https:\\\/\\\/imdhd.org\\\/redlupa\\\/repositorio\\\/desaparecer-en-baja-california\\\/#article\",\"isPartOf\":{\"@id\":\"https:\\\/\\\/imdhd.org\\\/redlupa\\\/repositorio\\\/desaparecer-en-baja-california\\\/\"},\"author\":{\"name\":\"admin\",\"@id\":\"https:\\\/\\\/imdhd.org\\\/redlupa\\\/#\\\/schema\\\/person\\\/74db25010a62c94ec83802156874b13f\"},\"headline\":\"Desaparecer en Baja California\",\"datePublished\":\"2023-07-11T00:22:00+00:00\",\"dateModified\":\"2024-07-05T00:27:53+00:00\",\"mainEntityOfPage\":{\"@id\":\"https:\\\/\\\/imdhd.org\\\/redlupa\\\/repositorio\\\/desaparecer-en-baja-california\\\/\"},\"wordCount\":57,\"publisher\":{\"@id\":\"https:\\\/\\\/imdhd.org\\\/redlupa\\\/#organization\"},\"image\":{\"@id\":\"https:\\\/\\\/imdhd.org\\\/redlupa\\\/repositorio\\\/desaparecer-en-baja-california\\\/#primaryimage\"},\"thumbnailUrl\":\"https:\\\/\\\/desaparecerenbc.elementaddhh.org\\\/images\\\/elementa.png\",\"articleSection\":[\"Repositorio\"],\"inLanguage\":\"es\"},{\"@type\":\"WebPage\",\"@id\":\"https:\\\/\\\/imdhd.org\\\/redlupa\\\/repositorio\\\/desaparecer-en-baja-california\\\/\",\"url\":\"https:\\\/\\\/imdhd.org\\\/redlupa\\\/repositorio\\\/desaparecer-en-baja-california\\\/\",\"name\":\"Desaparecer en Baja California - Red Lupa - Evaluamos la Ley general en materia de desaparici\u00f3n forzada\",\"isPartOf\":{\"@id\":\"https:\\\/\\\/imdhd.org\\\/redlupa\\\/#website\"},\"primaryImageOfPage\":{\"@id\":\"https:\\\/\\\/imdhd.org\\\/redlupa\\\/repositorio\\\/desaparecer-en-baja-california\\\/#primaryimage\"},\"image\":{\"@id\":\"https:\\\/\\\/imdhd.org\\\/redlupa\\\/repositorio\\\/desaparecer-en-baja-california\\\/#primaryimage\"},\"thumbnailUrl\":\"https:\\\/\\\/desaparecerenbc.elementaddhh.org\\\/images\\\/elementa.png\",\"datePublished\":\"2023-07-11T00:22:00+00:00\",\"dateModified\":\"2024-07-05T00:27:53+00:00\",\"breadcrumb\":{\"@id\":\"https:\\\/\\\/imdhd.org\\\/redlupa\\\/repositorio\\\/desaparecer-en-baja-california\\\/#breadcrumb\"},\"inLanguage\":\"es\",\"potentialAction\":[{\"@type\":\"ReadAction\",\"target\":[\"https:\\\/\\\/imdhd.org\\\/redlupa\\\/repositorio\\\/desaparecer-en-baja-california\\\/\"]}]},{\"@type\":\"ImageObject\",\"inLanguage\":\"es\",\"@id\":\"https:\\\/\\\/imdhd.org\\\/redlupa\\\/repositorio\\\/desaparecer-en-baja-california\\\/#primaryimage\",\"url\":\"https:\\\/\\\/desaparecerenbc.elementaddhh.org\\\/images\\\/elementa.png\",\"contentUrl\":\"https:\\\/\\\/desaparecerenbc.elementaddhh.org\\\/images\\\/elementa.png\"},{\"@type\":\"BreadcrumbList\",\"@id\":\"https:\\\/\\\/imdhd.org\\\/redlupa\\\/repositorio\\\/desaparecer-en-baja-california\\\/#breadcrumb\",\"itemListElement\":[{\"@type\":\"ListItem\",\"position\":1,\"name\":\"Portada\",\"item\":\"https:\\\/\\\/imdhd.org\\\/redlupa\\\/\"},{\"@type\":\"ListItem\",\"position\":2,\"name\":\"Desaparecer en Baja California\"}]},{\"@type\":\"WebSite\",\"@id\":\"https:\\\/\\\/imdhd.org\\\/redlupa\\\/#website\",\"url\":\"https:\\\/\\\/imdhd.org\\\/redlupa\\\/\",\"name\":\"Red Lupa - Evaluamos la Ley general en materia de desaparici\u00f3n forzada\",\"description\":\"Seguimiento y vigilancia de la Ley general en materia de desaparici\u00f3n forzada de personas, desaparici\u00f3n cometida por particulares y del sistema nacional de b\u00fasqueda de personas\",\"publisher\":{\"@id\":\"https:\\\/\\\/imdhd.org\\\/redlupa\\\/#organization\"},\"potentialAction\":[{\"@type\":\"SearchAction\",\"target\":{\"@type\":\"EntryPoint\",\"urlTemplate\":\"https:\\\/\\\/imdhd.org\\\/redlupa\\\/?s={search_term_string}\"},\"query-input\":{\"@type\":\"PropertyValueSpecification\",\"valueRequired\":true,\"valueName\":\"search_term_string\"}}],\"inLanguage\":\"es\"},{\"@type\":\"Organization\",\"@id\":\"https:\\\/\\\/imdhd.org\\\/redlupa\\\/#organization\",\"name\":\"IMDHD\",\"url\":\"https:\\\/\\\/imdhd.org\\\/redlupa\\\/\",\"logo\":{\"@type\":\"ImageObject\",\"inLanguage\":\"es\",\"@id\":\"https:\\\/\\\/imdhd.org\\\/redlupa\\\/#\\\/schema\\\/logo\\\/image\\\/\",\"url\":\"http:\\\/\\\/imdhd.org\\\/redlupa\\\/wp-content\\\/uploads\\\/2023\\\/08\\\/logo-red-busqueda-bordes-colores.svg\",\"contentUrl\":\"http:\\\/\\\/imdhd.org\\\/redlupa\\\/wp-content\\\/uploads\\\/2023\\\/08\\\/logo-red-busqueda-bordes-colores.svg\",\"width\":1,\"height\":1,\"caption\":\"IMDHD\"},\"image\":{\"@id\":\"https:\\\/\\\/imdhd.org\\\/redlupa\\\/#\\\/schema\\\/logo\\\/image\\\/\"}},{\"@type\":\"Person\",\"@id\":\"https:\\\/\\\/imdhd.org\\\/redlupa\\\/#\\\/schema\\\/person\\\/74db25010a62c94ec83802156874b13f\",\"name\":\"admin\",\"image\":{\"@type\":\"ImageObject\",\"inLanguage\":\"es\",\"@id\":\"https:\\\/\\\/secure.gravatar.com\\\/avatar\\\/12fe34de4959513a90310b36a309d41a2f2e8c9dec80cb6efa358434d27149fb?s=96&d=mm&r=g\",\"url\":\"https:\\\/\\\/secure.gravatar.com\\\/avatar\\\/12fe34de4959513a90310b36a309d41a2f2e8c9dec80cb6efa358434d27149fb?s=96&d=mm&r=g\",\"contentUrl\":\"https:\\\/\\\/secure.gravatar.com\\\/avatar\\\/12fe34de4959513a90310b36a309d41a2f2e8c9dec80cb6efa358434d27149fb?s=96&d=mm&r=g\",\"caption\":\"admin\"},\"sameAs\":[\"http:\\\/\\\/imdhd.org\\\/redlupa\"],\"url\":\"https:\\\/\\\/imdhd.org\\\/redlupa\\\/author\\\/admin\\\/\"}]}<\/script>\n<!-- \/ Yoast SEO plugin. -->","yoast_head_json":{"title":"Desaparecer en Baja California - Red Lupa - Evaluamos la Ley general en materia de desaparici\u00f3n forzada","robots":{"index":"index","follow":"follow","max-snippet":"max-snippet:-1","max-image-preview":"max-image-preview:large","max-video-preview":"max-video-preview:-1"},"canonical":"https:\/\/imdhd.org\/redlupa\/repositorio\/desaparecer-en-baja-california\/","og_locale":"es_ES","og_type":"article","og_title":"Desaparecer en Baja California - Red Lupa - Evaluamos la Ley general en materia de desaparici\u00f3n forzada","og_description":"Resumen: Este es un proyecto de la l\u00ednea de verdad, justicia y reparaci\u00f3n de Elementa DDHH que tiene como objetivo reunir informaci\u00f3n sobre la desaparici\u00f3n de personas en Baja California.\u00a0Desaparecer en Baja California\u00a0es un espacio \u00abvivo\u00bb con actualizaciones constantes para la construcci\u00f3n de la memoria colectiva.","og_url":"https:\/\/imdhd.org\/redlupa\/repositorio\/desaparecer-en-baja-california\/","og_site_name":"Red Lupa - Evaluamos la Ley general en materia de desaparici\u00f3n forzada","article_published_time":"2023-07-11T00:22:00+00:00","article_modified_time":"2024-07-05T00:27:53+00:00","og_image":[{"url":"https:\/\/desaparecerenbc.elementaddhh.org\/images\/elementa.png","type":"","width":"","height":""}],"author":"admin","twitter_card":"summary_large_image","twitter_misc":{"Escrito por":"admin","Tiempo de lectura":"1 minuto"},"schema":{"@context":"https:\/\/schema.org","@graph":[{"@type":"Article","@id":"https:\/\/imdhd.org\/redlupa\/repositorio\/desaparecer-en-baja-california\/#article","isPartOf":{"@id":"https:\/\/imdhd.org\/redlupa\/repositorio\/desaparecer-en-baja-california\/"},"author":{"name":"admin","@id":"https:\/\/imdhd.org\/redlupa\/#\/schema\/person\/74db25010a62c94ec83802156874b13f"},"headline":"Desaparecer en Baja California","datePublished":"2023-07-11T00:22:00+00:00","dateModified":"2024-07-05T00:27:53+00:00","mainEntityOfPage":{"@id":"https:\/\/imdhd.org\/redlupa\/repositorio\/desaparecer-en-baja-california\/"},"wordCount":57,"publisher":{"@id":"https:\/\/imdhd.org\/redlupa\/#organization"},"image":{"@id":"https:\/\/imdhd.org\/redlupa\/repositorio\/desaparecer-en-baja-california\/#primaryimage"},"thumbnailUrl":"https:\/\/desaparecerenbc.elementaddhh.org\/images\/elementa.png","articleSection":["Repositorio"],"inLanguage":"es"},{"@type":"WebPage","@id":"https:\/\/imdhd.org\/redlupa\/repositorio\/desaparecer-en-baja-california\/","url":"https:\/\/imdhd.org\/redlupa\/repositorio\/desaparecer-en-baja-california\/","name":"Desaparecer en Baja California - Red Lupa - Evaluamos la Ley general en materia de desaparici\u00f3n forzada","isPartOf":{"@id":"https:\/\/imdhd.org\/redlupa\/#website"},"primaryImageOfPage":{"@id":"https:\/\/imdhd.org\/redlupa\/repositorio\/desaparecer-en-baja-california\/#primaryimage"},"image":{"@id":"https:\/\/imdhd.org\/redlupa\/repositorio\/desaparecer-en-baja-california\/#primaryimage"},"thumbnailUrl":"https:\/\/desaparecerenbc.elementaddhh.org\/images\/elementa.png","datePublished":"2023-07-11T00:22:00+00:00","dateModified":"2024-07-05T00:27:53+00:00","breadcrumb":{"@id":"https:\/\/imdhd.org\/redlupa\/repositorio\/desaparecer-en-baja-california\/#breadcrumb"},"inLanguage":"es","potentialAction":[{"@type":"ReadAction","target":["https:\/\/imdhd.org\/redlupa\/repositorio\/desaparecer-en-baja-california\/"]}]},{"@type":"ImageObject","inLanguage":"es","@id":"https:\/\/imdhd.org\/redlupa\/repositorio\/desaparecer-en-baja-california\/#primaryimage","url":"https:\/\/desaparecerenbc.elementaddhh.org\/images\/elementa.png","contentUrl":"https:\/\/desaparecerenbc.elementaddhh.org\/images\/elementa.png"},{"@type":"BreadcrumbList","@id":"https:\/\/imdhd.org\/redlupa\/repositorio\/desaparecer-en-baja-california\/#breadcrumb","itemListElement":[{"@type":"ListItem","position":1,"name":"Portada","item":"https:\/\/imdhd.org\/redlupa\/"},{"@type":"ListItem","position":2,"name":"Desaparecer en Baja California"}]},{"@type":"WebSite","@id":"https:\/\/imdhd.org\/redlupa\/#website","url":"https:\/\/imdhd.org\/redlupa\/","name":"Red Lupa - Evaluamos la Ley general en materia de desaparici\u00f3n forzada","description":"Seguimiento y vigilancia de la Ley general en materia de desaparici\u00f3n forzada de personas, desaparici\u00f3n cometida por particulares y del sistema nacional de b\u00fasqueda de personas","publisher":{"@id":"https:\/\/imdhd.org\/redlupa\/#organization"},"potentialAction":[{"@type":"SearchAction","target":{"@type":"EntryPoint","urlTemplate":"https:\/\/imdhd.org\/redlupa\/?s={search_term_string}"},"query-input":{"@type":"PropertyValueSpecification","valueRequired":true,"valueName":"search_term_string"}}],"inLanguage":"es"},{"@type":"Organization","@id":"https:\/\/imdhd.org\/redlupa\/#organization","name":"IMDHD","url":"https:\/\/imdhd.org\/redlupa\/","logo":{"@type":"ImageObject","inLanguage":"es","@id":"https:\/\/imdhd.org\/redlupa\/#\/schema\/logo\/image\/","url":"http:\/\/imdhd.org\/redlupa\/wp-content\/uploads\/2023\/08\/logo-red-busqueda-bordes-colores.svg","contentUrl":"http:\/\/imdhd.org\/redlupa\/wp-content\/uploads\/2023\/08\/logo-red-busqueda-bordes-colores.svg","width":1,"height":1,"caption":"IMDHD"},"image":{"@id":"https:\/\/imdhd.org\/redlupa\/#\/schema\/logo\/image\/"}},{"@type":"Person","@id":"https:\/\/imdhd.org\/redlupa\/#\/schema\/person\/74db25010a62c94ec83802156874b13f","name":"admin","image":{"@type":"ImageObject","inLanguage":"es","@id":"https:\/\/secure.gravatar.com\/avatar\/12fe34de4959513a90310b36a309d41a2f2e8c9dec80cb6efa358434d27149fb?s=96&d=mm&r=g","url":"https:\/\/secure.gravatar.com\/avatar\/12fe34de4959513a90310b36a309d41a2f2e8c9dec80cb6efa358434d27149fb?s=96&d=mm&r=g","contentUrl":"https:\/\/secure.gravatar.com\/avatar\/12fe34de4959513a90310b36a309d41a2f2e8c9dec80cb6efa358434d27149fb?s=96&d=mm&r=g","caption":"admin"},"sameAs":["http:\/\/imdhd.org\/redlupa"],"url":"https:\/\/imdhd.org\/redlupa\/author\/admin\/"}]}},"uagb_featured_image_src":{"full":false,"thumbnail":false,"medium":false,"medium_large":false,"large":false,"1536x1536":false,"2048x2048":false,"post-thumbnail":false},"uagb_author_info":{"display_name":"admin","author_link":"https:\/\/imdhd.org\/redlupa\/author\/admin\/"},"uagb_comment_info":0,"uagb_excerpt":"Resumen: Este es un proyecto de la l\u00ednea de verdad, justicia y reparaci\u00f3n de Elementa DDHH que tiene como objetivo reunir informaci\u00f3n sobre la desaparici\u00f3n de personas en Baja California.\u00a0Desaparecer en Baja California\u00a0es un espacio \u00abvivo\u00bb con actualizaciones constantes para la construcci\u00f3n de la memoria colectiva.","_links":{"self":[{"href":"https:\/\/imdhd.org\/redlupa\/wp-json\/wp\/v2\/posts\/4180","targetHints":{"allow":["GET"]}}],"collection":[{"href":"https:\/\/imdhd.org\/redlupa\/wp-json\/wp\/v2\/posts"}],"about":[{"href":"https:\/\/imdhd.org\/redlupa\/wp-json\/wp\/v2\/types\/post"}],"author":[{"embeddable":true,"href":"https:\/\/imdhd.org\/redlupa\/wp-json\/wp\/v2\/users\/1"}],"replies":[{"embeddable":true,"href":"https:\/\/imdhd.org\/redlupa\/wp-json\/wp\/v2\/comments?post=4180"}],"version-history":[{"count":2,"href":"https:\/\/imdhd.org\/redlupa\/wp-json\/wp\/v2\/posts\/4180\/revisions"}],"predecessor-version":[{"id":4188,"href":"https:\/\/imdhd.org\/redlupa\/wp-json\/wp\/v2\/posts\/4180\/revisions\/4188"}],"wp:attachment":[{"href":"https:\/\/imdhd.org\/redlupa\/wp-json\/wp\/v2\/media?parent=4180"}],"wp:term":[{"taxonomy":"category","embeddable":true,"href":"https:\/\/imdhd.org\/redlupa\/wp-json\/wp\/v2\/categories?post=4180"},{"taxonomy":"post_tag","embeddable":true,"href":"https:\/\/imdhd.org\/redlupa\/wp-json\/wp\/v2\/tags?post=4180"}],"curies":[{"name":"wp","href":"https:\/\/api.w.org\/{rel}","templated":true}]}}