{"id":4215,"date":"2024-07-08T14:30:00","date_gmt":"2024-07-08T19:30:00","guid":{"rendered":"https:\/\/imdhd.org\/redlupa\/?p=4215"},"modified":"2024-07-11T14:46:14","modified_gmt":"2024-07-11T19:46:14","slug":"la-fiscalia-de-sinaloa-tiene-un-desorden-con-los-expedientes-de-personas-desaparecidas","status":"publish","type":"post","link":"https:\/\/imdhd.org\/redlupa\/repositorio\/la-fiscalia-de-sinaloa-tiene-un-desorden-con-los-expedientes-de-personas-desaparecidas\/","title":{"rendered":"La Fiscal\u00eda de Sinaloa tiene un desorden con los expedientes de personas desaparecidas"},"content":{"rendered":"<div style=\"margin-top: 0px; margin-bottom: 0px;\" class=\"sharethis-inline-share-buttons\" ><\/div>\n<figure class=\"wp-block-image size-large\"><img decoding=\"async\" src=\"https:\/\/revistaespejo.com\/wp-content\/uploads\/2024\/06\/Expedientes_Desaparecidos_.jpg\" alt=\"\"\/><\/figure>\n\n\n\n<p class=\"wp-block-paragraph\">Hay tres carpetas de investigaci\u00f3n que demuestran c\u00f3mo agentes del Ministerio P\u00fablico Especializada en Desaparici\u00f3n Forzada de Personas Regi\u00f3n Centro de la Fiscal\u00eda General del Estado han revuelto las pruebas, oficios con se\u00f1alamientos, acusaciones y evidencias con otros expedientes.<\/p>\n","protected":false},"excerpt":{"rendered":"<p>Hay tres carpetas de investigaci\u00f3n que demuestran c\u00f3mo agentes del Ministerio P\u00fablico Especializada en Desaparici\u00f3n Forzada de Personas Regi\u00f3n Centro de la Fiscal\u00eda General del Estado han revuelto las pruebas, oficios con se\u00f1alamientos, acusaciones y evidencias con otros expedientes.<\/p>\n","protected":false},"author":1,"featured_media":0,"comment_status":"closed","ping_status":"open","sticky":false,"template":"","format":"standard","meta":{"_acf_changed":false,"_coblocks_attr":"","_coblocks_dimensions":"","_coblocks_responsive_height":"","_coblocks_accordion_ie_support":"","_uag_custom_page_level_css":"","footnotes":""},"categories":[19],"tags":[],"class_list":["post-4215","post","type-post","status-publish","format-standard","hentry","category-repositorio","entry"],"acf":[],"yoast_head":"<!-- This site is optimized with the Yoast SEO plugin v28.4 - https:\/\/yoast.com\/product\/yoast-seo-wordpress\/ -->\n<title>La Fiscal\u00eda de Sinaloa tiene un desorden con los expedientes de personas desaparecidas - Red Lupa - Evaluamos la Ley general en materia de desaparici\u00f3n forzada<\/title>\n<meta name=\"robots\" content=\"index, follow, max-snippet:-1, max-image-preview:large, max-video-preview:-1\" \/>\n<link rel=\"canonical\" href=\"https:\/\/imdhd.org\/redlupa\/repositorio\/la-fiscalia-de-sinaloa-tiene-un-desorden-con-los-expedientes-de-personas-desaparecidas\/\" \/>\n<meta property=\"og:locale\" content=\"es_ES\" \/>\n<meta property=\"og:type\" content=\"article\" \/>\n<meta property=\"og:title\" content=\"La Fiscal\u00eda de Sinaloa tiene un desorden con los expedientes de personas desaparecidas - Red Lupa - Evaluamos la Ley general en materia de desaparici\u00f3n forzada\" \/>\n<meta property=\"og:description\" content=\"Hay tres carpetas de investigaci\u00f3n que demuestran c\u00f3mo agentes del Ministerio P\u00fablico Especializada en Desaparici\u00f3n Forzada de Personas Regi\u00f3n Centro de la Fiscal\u00eda General del Estado han revuelto las pruebas, oficios con se\u00f1alamientos, acusaciones y evidencias con otros expedientes.\" \/>\n<meta property=\"og:url\" content=\"https:\/\/imdhd.org\/redlupa\/repositorio\/la-fiscalia-de-sinaloa-tiene-un-desorden-con-los-expedientes-de-personas-desaparecidas\/\" \/>\n<meta property=\"og:site_name\" content=\"Red Lupa - Evaluamos la Ley general en materia de desaparici\u00f3n forzada\" \/>\n<meta property=\"article:published_time\" content=\"2024-07-08T19:30:00+00:00\" \/>\n<meta property=\"article:modified_time\" content=\"2024-07-11T19:46:14+00:00\" \/>\n<meta property=\"og:image\" content=\"https:\/\/revistaespejo.com\/wp-content\/uploads\/2024\/06\/Expedientes_Desaparecidos_.jpg\" \/>\n<meta name=\"author\" content=\"admin\" \/>\n<meta name=\"twitter:card\" content=\"summary_large_image\" \/>\n<meta name=\"twitter:label1\" content=\"Escrito por\" \/>\n\t<meta name=\"twitter:data1\" content=\"admin\" \/>\n\t<meta name=\"twitter:label2\" content=\"Tiempo de lectura\" \/>\n\t<meta name=\"twitter:data2\" content=\"1 minuto\" \/>\n<script type=\"application\/ld+json\" class=\"yoast-schema-graph\">{\"@context\":\"https:\\\/\\\/schema.org\",\"@graph\":[{\"@type\":\"Article\",\"@id\":\"https:\\\/\\\/imdhd.org\\\/redlupa\\\/repositorio\\\/la-fiscalia-de-sinaloa-tiene-un-desorden-con-los-expedientes-de-personas-desaparecidas\\\/#article\",\"isPartOf\":{\"@id\":\"https:\\\/\\\/imdhd.org\\\/redlupa\\\/repositorio\\\/la-fiscalia-de-sinaloa-tiene-un-desorden-con-los-expedientes-de-personas-desaparecidas\\\/\"},\"author\":{\"name\":\"admin\",\"@id\":\"https:\\\/\\\/imdhd.org\\\/redlupa\\\/#\\\/schema\\\/person\\\/74db25010a62c94ec83802156874b13f\"},\"headline\":\"La Fiscal\u00eda de Sinaloa tiene un desorden con los expedientes de personas desaparecidas\",\"datePublished\":\"2024-07-08T19:30:00+00:00\",\"dateModified\":\"2024-07-11T19:46:14+00:00\",\"mainEntityOfPage\":{\"@id\":\"https:\\\/\\\/imdhd.org\\\/redlupa\\\/repositorio\\\/la-fiscalia-de-sinaloa-tiene-un-desorden-con-los-expedientes-de-personas-desaparecidas\\\/\"},\"wordCount\":60,\"publisher\":{\"@id\":\"https:\\\/\\\/imdhd.org\\\/redlupa\\\/#organization\"},\"image\":{\"@id\":\"https:\\\/\\\/imdhd.org\\\/redlupa\\\/repositorio\\\/la-fiscalia-de-sinaloa-tiene-un-desorden-con-los-expedientes-de-personas-desaparecidas\\\/#primaryimage\"},\"thumbnailUrl\":\"https:\\\/\\\/revistaespejo.com\\\/wp-content\\\/uploads\\\/2024\\\/06\\\/Expedientes_Desaparecidos_.jpg\",\"articleSection\":[\"Repositorio\"],\"inLanguage\":\"es\"},{\"@type\":\"WebPage\",\"@id\":\"https:\\\/\\\/imdhd.org\\\/redlupa\\\/repositorio\\\/la-fiscalia-de-sinaloa-tiene-un-desorden-con-los-expedientes-de-personas-desaparecidas\\\/\",\"url\":\"https:\\\/\\\/imdhd.org\\\/redlupa\\\/repositorio\\\/la-fiscalia-de-sinaloa-tiene-un-desorden-con-los-expedientes-de-personas-desaparecidas\\\/\",\"name\":\"La Fiscal\u00eda de Sinaloa tiene un desorden con los expedientes de personas desaparecidas - Red Lupa - Evaluamos la Ley general en materia de desaparici\u00f3n forzada\",\"isPartOf\":{\"@id\":\"https:\\\/\\\/imdhd.org\\\/redlupa\\\/#website\"},\"primaryImageOfPage\":{\"@id\":\"https:\\\/\\\/imdhd.org\\\/redlupa\\\/repositorio\\\/la-fiscalia-de-sinaloa-tiene-un-desorden-con-los-expedientes-de-personas-desaparecidas\\\/#primaryimage\"},\"image\":{\"@id\":\"https:\\\/\\\/imdhd.org\\\/redlupa\\\/repositorio\\\/la-fiscalia-de-sinaloa-tiene-un-desorden-con-los-expedientes-de-personas-desaparecidas\\\/#primaryimage\"},\"thumbnailUrl\":\"https:\\\/\\\/revistaespejo.com\\\/wp-content\\\/uploads\\\/2024\\\/06\\\/Expedientes_Desaparecidos_.jpg\",\"datePublished\":\"2024-07-08T19:30:00+00:00\",\"dateModified\":\"2024-07-11T19:46:14+00:00\",\"breadcrumb\":{\"@id\":\"https:\\\/\\\/imdhd.org\\\/redlupa\\\/repositorio\\\/la-fiscalia-de-sinaloa-tiene-un-desorden-con-los-expedientes-de-personas-desaparecidas\\\/#breadcrumb\"},\"inLanguage\":\"es\",\"potentialAction\":[{\"@type\":\"ReadAction\",\"target\":[\"https:\\\/\\\/imdhd.org\\\/redlupa\\\/repositorio\\\/la-fiscalia-de-sinaloa-tiene-un-desorden-con-los-expedientes-de-personas-desaparecidas\\\/\"]}]},{\"@type\":\"ImageObject\",\"inLanguage\":\"es\",\"@id\":\"https:\\\/\\\/imdhd.org\\\/redlupa\\\/repositorio\\\/la-fiscalia-de-sinaloa-tiene-un-desorden-con-los-expedientes-de-personas-desaparecidas\\\/#primaryimage\",\"url\":\"https:\\\/\\\/revistaespejo.com\\\/wp-content\\\/uploads\\\/2024\\\/06\\\/Expedientes_Desaparecidos_.jpg\",\"contentUrl\":\"https:\\\/\\\/revistaespejo.com\\\/wp-content\\\/uploads\\\/2024\\\/06\\\/Expedientes_Desaparecidos_.jpg\"},{\"@type\":\"BreadcrumbList\",\"@id\":\"https:\\\/\\\/imdhd.org\\\/redlupa\\\/repositorio\\\/la-fiscalia-de-sinaloa-tiene-un-desorden-con-los-expedientes-de-personas-desaparecidas\\\/#breadcrumb\",\"itemListElement\":[{\"@type\":\"ListItem\",\"position\":1,\"name\":\"Portada\",\"item\":\"https:\\\/\\\/imdhd.org\\\/redlupa\\\/\"},{\"@type\":\"ListItem\",\"position\":2,\"name\":\"La Fiscal\u00eda de Sinaloa tiene un desorden con los expedientes de personas desaparecidas\"}]},{\"@type\":\"WebSite\",\"@id\":\"https:\\\/\\\/imdhd.org\\\/redlupa\\\/#website\",\"url\":\"https:\\\/\\\/imdhd.org\\\/redlupa\\\/\",\"name\":\"Red Lupa - Evaluamos la Ley general en materia de desaparici\u00f3n forzada\",\"description\":\"Seguimiento y vigilancia de la Ley general en materia de desaparici\u00f3n forzada de personas, desaparici\u00f3n cometida por particulares y del sistema nacional de b\u00fasqueda de personas\",\"publisher\":{\"@id\":\"https:\\\/\\\/imdhd.org\\\/redlupa\\\/#organization\"},\"potentialAction\":[{\"@type\":\"SearchAction\",\"target\":{\"@type\":\"EntryPoint\",\"urlTemplate\":\"https:\\\/\\\/imdhd.org\\\/redlupa\\\/?s={search_term_string}\"},\"query-input\":{\"@type\":\"PropertyValueSpecification\",\"valueRequired\":true,\"valueName\":\"search_term_string\"}}],\"inLanguage\":\"es\"},{\"@type\":\"Organization\",\"@id\":\"https:\\\/\\\/imdhd.org\\\/redlupa\\\/#organization\",\"name\":\"IMDHD\",\"url\":\"https:\\\/\\\/imdhd.org\\\/redlupa\\\/\",\"logo\":{\"@type\":\"ImageObject\",\"inLanguage\":\"es\",\"@id\":\"https:\\\/\\\/imdhd.org\\\/redlupa\\\/#\\\/schema\\\/logo\\\/image\\\/\",\"url\":\"http:\\\/\\\/imdhd.org\\\/redlupa\\\/wp-content\\\/uploads\\\/2023\\\/08\\\/logo-red-busqueda-bordes-colores.svg\",\"contentUrl\":\"http:\\\/\\\/imdhd.org\\\/redlupa\\\/wp-content\\\/uploads\\\/2023\\\/08\\\/logo-red-busqueda-bordes-colores.svg\",\"width\":1,\"height\":1,\"caption\":\"IMDHD\"},\"image\":{\"@id\":\"https:\\\/\\\/imdhd.org\\\/redlupa\\\/#\\\/schema\\\/logo\\\/image\\\/\"}},{\"@type\":\"Person\",\"@id\":\"https:\\\/\\\/imdhd.org\\\/redlupa\\\/#\\\/schema\\\/person\\\/74db25010a62c94ec83802156874b13f\",\"name\":\"admin\",\"image\":{\"@type\":\"ImageObject\",\"inLanguage\":\"es\",\"@id\":\"https:\\\/\\\/secure.gravatar.com\\\/avatar\\\/12fe34de4959513a90310b36a309d41a2f2e8c9dec80cb6efa358434d27149fb?s=96&d=mm&r=g\",\"url\":\"https:\\\/\\\/secure.gravatar.com\\\/avatar\\\/12fe34de4959513a90310b36a309d41a2f2e8c9dec80cb6efa358434d27149fb?s=96&d=mm&r=g\",\"contentUrl\":\"https:\\\/\\\/secure.gravatar.com\\\/avatar\\\/12fe34de4959513a90310b36a309d41a2f2e8c9dec80cb6efa358434d27149fb?s=96&d=mm&r=g\",\"caption\":\"admin\"},\"sameAs\":[\"http:\\\/\\\/imdhd.org\\\/redlupa\"],\"url\":\"https:\\\/\\\/imdhd.org\\\/redlupa\\\/author\\\/admin\\\/\"}]}<\/script>\n<!-- \/ Yoast SEO plugin. -->","yoast_head_json":{"title":"La Fiscal\u00eda de Sinaloa tiene un desorden con los expedientes de personas desaparecidas - Red Lupa - Evaluamos la Ley general en materia de desaparici\u00f3n forzada","robots":{"index":"index","follow":"follow","max-snippet":"max-snippet:-1","max-image-preview":"max-image-preview:large","max-video-preview":"max-video-preview:-1"},"canonical":"https:\/\/imdhd.org\/redlupa\/repositorio\/la-fiscalia-de-sinaloa-tiene-un-desorden-con-los-expedientes-de-personas-desaparecidas\/","og_locale":"es_ES","og_type":"article","og_title":"La Fiscal\u00eda de Sinaloa tiene un desorden con los expedientes de personas desaparecidas - Red Lupa - Evaluamos la Ley general en materia de desaparici\u00f3n forzada","og_description":"Hay tres carpetas de investigaci\u00f3n que demuestran c\u00f3mo agentes del Ministerio P\u00fablico Especializada en Desaparici\u00f3n Forzada de Personas Regi\u00f3n Centro de la Fiscal\u00eda General del Estado han revuelto las pruebas, oficios con se\u00f1alamientos, acusaciones y evidencias con otros expedientes.","og_url":"https:\/\/imdhd.org\/redlupa\/repositorio\/la-fiscalia-de-sinaloa-tiene-un-desorden-con-los-expedientes-de-personas-desaparecidas\/","og_site_name":"Red Lupa - Evaluamos la Ley general en materia de desaparici\u00f3n forzada","article_published_time":"2024-07-08T19:30:00+00:00","article_modified_time":"2024-07-11T19:46:14+00:00","og_image":[{"url":"https:\/\/revistaespejo.com\/wp-content\/uploads\/2024\/06\/Expedientes_Desaparecidos_.jpg","type":"","width":"","height":""}],"author":"admin","twitter_card":"summary_large_image","twitter_misc":{"Escrito por":"admin","Tiempo de lectura":"1 minuto"},"schema":{"@context":"https:\/\/schema.org","@graph":[{"@type":"Article","@id":"https:\/\/imdhd.org\/redlupa\/repositorio\/la-fiscalia-de-sinaloa-tiene-un-desorden-con-los-expedientes-de-personas-desaparecidas\/#article","isPartOf":{"@id":"https:\/\/imdhd.org\/redlupa\/repositorio\/la-fiscalia-de-sinaloa-tiene-un-desorden-con-los-expedientes-de-personas-desaparecidas\/"},"author":{"name":"admin","@id":"https:\/\/imdhd.org\/redlupa\/#\/schema\/person\/74db25010a62c94ec83802156874b13f"},"headline":"La Fiscal\u00eda de Sinaloa tiene un desorden con los expedientes de personas desaparecidas","datePublished":"2024-07-08T19:30:00+00:00","dateModified":"2024-07-11T19:46:14+00:00","mainEntityOfPage":{"@id":"https:\/\/imdhd.org\/redlupa\/repositorio\/la-fiscalia-de-sinaloa-tiene-un-desorden-con-los-expedientes-de-personas-desaparecidas\/"},"wordCount":60,"publisher":{"@id":"https:\/\/imdhd.org\/redlupa\/#organization"},"image":{"@id":"https:\/\/imdhd.org\/redlupa\/repositorio\/la-fiscalia-de-sinaloa-tiene-un-desorden-con-los-expedientes-de-personas-desaparecidas\/#primaryimage"},"thumbnailUrl":"https:\/\/revistaespejo.com\/wp-content\/uploads\/2024\/06\/Expedientes_Desaparecidos_.jpg","articleSection":["Repositorio"],"inLanguage":"es"},{"@type":"WebPage","@id":"https:\/\/imdhd.org\/redlupa\/repositorio\/la-fiscalia-de-sinaloa-tiene-un-desorden-con-los-expedientes-de-personas-desaparecidas\/","url":"https:\/\/imdhd.org\/redlupa\/repositorio\/la-fiscalia-de-sinaloa-tiene-un-desorden-con-los-expedientes-de-personas-desaparecidas\/","name":"La Fiscal\u00eda de Sinaloa tiene un desorden con los expedientes de personas desaparecidas - Red Lupa - Evaluamos la Ley general en materia de desaparici\u00f3n forzada","isPartOf":{"@id":"https:\/\/imdhd.org\/redlupa\/#website"},"primaryImageOfPage":{"@id":"https:\/\/imdhd.org\/redlupa\/repositorio\/la-fiscalia-de-sinaloa-tiene-un-desorden-con-los-expedientes-de-personas-desaparecidas\/#primaryimage"},"image":{"@id":"https:\/\/imdhd.org\/redlupa\/repositorio\/la-fiscalia-de-sinaloa-tiene-un-desorden-con-los-expedientes-de-personas-desaparecidas\/#primaryimage"},"thumbnailUrl":"https:\/\/revistaespejo.com\/wp-content\/uploads\/2024\/06\/Expedientes_Desaparecidos_.jpg","datePublished":"2024-07-08T19:30:00+00:00","dateModified":"2024-07-11T19:46:14+00:00","breadcrumb":{"@id":"https:\/\/imdhd.org\/redlupa\/repositorio\/la-fiscalia-de-sinaloa-tiene-un-desorden-con-los-expedientes-de-personas-desaparecidas\/#breadcrumb"},"inLanguage":"es","potentialAction":[{"@type":"ReadAction","target":["https:\/\/imdhd.org\/redlupa\/repositorio\/la-fiscalia-de-sinaloa-tiene-un-desorden-con-los-expedientes-de-personas-desaparecidas\/"]}]},{"@type":"ImageObject","inLanguage":"es","@id":"https:\/\/imdhd.org\/redlupa\/repositorio\/la-fiscalia-de-sinaloa-tiene-un-desorden-con-los-expedientes-de-personas-desaparecidas\/#primaryimage","url":"https:\/\/revistaespejo.com\/wp-content\/uploads\/2024\/06\/Expedientes_Desaparecidos_.jpg","contentUrl":"https:\/\/revistaespejo.com\/wp-content\/uploads\/2024\/06\/Expedientes_Desaparecidos_.jpg"},{"@type":"BreadcrumbList","@id":"https:\/\/imdhd.org\/redlupa\/repositorio\/la-fiscalia-de-sinaloa-tiene-un-desorden-con-los-expedientes-de-personas-desaparecidas\/#breadcrumb","itemListElement":[{"@type":"ListItem","position":1,"name":"Portada","item":"https:\/\/imdhd.org\/redlupa\/"},{"@type":"ListItem","position":2,"name":"La Fiscal\u00eda de Sinaloa tiene un desorden con los expedientes de personas desaparecidas"}]},{"@type":"WebSite","@id":"https:\/\/imdhd.org\/redlupa\/#website","url":"https:\/\/imdhd.org\/redlupa\/","name":"Red Lupa - Evaluamos la Ley general en materia de desaparici\u00f3n forzada","description":"Seguimiento y vigilancia de la Ley general en materia de desaparici\u00f3n forzada de personas, desaparici\u00f3n cometida por particulares y del sistema nacional de b\u00fasqueda de personas","publisher":{"@id":"https:\/\/imdhd.org\/redlupa\/#organization"},"potentialAction":[{"@type":"SearchAction","target":{"@type":"EntryPoint","urlTemplate":"https:\/\/imdhd.org\/redlupa\/?s={search_term_string}"},"query-input":{"@type":"PropertyValueSpecification","valueRequired":true,"valueName":"search_term_string"}}],"inLanguage":"es"},{"@type":"Organization","@id":"https:\/\/imdhd.org\/redlupa\/#organization","name":"IMDHD","url":"https:\/\/imdhd.org\/redlupa\/","logo":{"@type":"ImageObject","inLanguage":"es","@id":"https:\/\/imdhd.org\/redlupa\/#\/schema\/logo\/image\/","url":"http:\/\/imdhd.org\/redlupa\/wp-content\/uploads\/2023\/08\/logo-red-busqueda-bordes-colores.svg","contentUrl":"http:\/\/imdhd.org\/redlupa\/wp-content\/uploads\/2023\/08\/logo-red-busqueda-bordes-colores.svg","width":1,"height":1,"caption":"IMDHD"},"image":{"@id":"https:\/\/imdhd.org\/redlupa\/#\/schema\/logo\/image\/"}},{"@type":"Person","@id":"https:\/\/imdhd.org\/redlupa\/#\/schema\/person\/74db25010a62c94ec83802156874b13f","name":"admin","image":{"@type":"ImageObject","inLanguage":"es","@id":"https:\/\/secure.gravatar.com\/avatar\/12fe34de4959513a90310b36a309d41a2f2e8c9dec80cb6efa358434d27149fb?s=96&d=mm&r=g","url":"https:\/\/secure.gravatar.com\/avatar\/12fe34de4959513a90310b36a309d41a2f2e8c9dec80cb6efa358434d27149fb?s=96&d=mm&r=g","contentUrl":"https:\/\/secure.gravatar.com\/avatar\/12fe34de4959513a90310b36a309d41a2f2e8c9dec80cb6efa358434d27149fb?s=96&d=mm&r=g","caption":"admin"},"sameAs":["http:\/\/imdhd.org\/redlupa"],"url":"https:\/\/imdhd.org\/redlupa\/author\/admin\/"}]}},"uagb_featured_image_src":{"full":false,"thumbnail":false,"medium":false,"medium_large":false,"large":false,"1536x1536":false,"2048x2048":false,"post-thumbnail":false},"uagb_author_info":{"display_name":"admin","author_link":"https:\/\/imdhd.org\/redlupa\/author\/admin\/"},"uagb_comment_info":0,"uagb_excerpt":"Hay tres carpetas de investigaci\u00f3n que demuestran c\u00f3mo agentes del Ministerio P\u00fablico Especializada en Desaparici\u00f3n Forzada de Personas Regi\u00f3n Centro de la Fiscal\u00eda General del Estado han revuelto las pruebas, oficios con se\u00f1alamientos, acusaciones y evidencias con otros expedientes.","_links":{"self":[{"href":"https:\/\/imdhd.org\/redlupa\/wp-json\/wp\/v2\/posts\/4215","targetHints":{"allow":["GET"]}}],"collection":[{"href":"https:\/\/imdhd.org\/redlupa\/wp-json\/wp\/v2\/posts"}],"about":[{"href":"https:\/\/imdhd.org\/redlupa\/wp-json\/wp\/v2\/types\/post"}],"author":[{"embeddable":true,"href":"https:\/\/imdhd.org\/redlupa\/wp-json\/wp\/v2\/users\/1"}],"replies":[{"embeddable":true,"href":"https:\/\/imdhd.org\/redlupa\/wp-json\/wp\/v2\/comments?post=4215"}],"version-history":[{"count":2,"href":"https:\/\/imdhd.org\/redlupa\/wp-json\/wp\/v2\/posts\/4215\/revisions"}],"predecessor-version":[{"id":4404,"href":"https:\/\/imdhd.org\/redlupa\/wp-json\/wp\/v2\/posts\/4215\/revisions\/4404"}],"wp:attachment":[{"href":"https:\/\/imdhd.org\/redlupa\/wp-json\/wp\/v2\/media?parent=4215"}],"wp:term":[{"taxonomy":"category","embeddable":true,"href":"https:\/\/imdhd.org\/redlupa\/wp-json\/wp\/v2\/categories?post=4215"},{"taxonomy":"post_tag","embeddable":true,"href":"https:\/\/imdhd.org\/redlupa\/wp-json\/wp\/v2\/tags?post=4215"}],"curies":[{"name":"wp","href":"https:\/\/api.w.org\/{rel}","templated":true}]}}