{"id":5699,"date":"2026-04-28T16:56:14","date_gmt":"2026-04-28T22:56:14","guid":{"rendered":"https:\/\/imdhd.org\/redlupa\/?p=5699"},"modified":"2026-04-28T18:00:46","modified_gmt":"2026-04-29T00:00:46","slug":"desaparicion-de-ninas-en-mexico-una-crisis-marcada-por-la-violencia-de-genero","status":"publish","type":"post","link":"https:\/\/imdhd.org\/redlupa\/uncategorized\/desaparicion-de-ninas-en-mexico-una-crisis-marcada-por-la-violencia-de-genero\/","title":{"rendered":"Desaparici\u00f3n de ni\u00f1as en M\u00e9xico: una crisis marcada por la violencia de g\u00e9nero"},"content":{"rendered":"<div style=\"margin-top: 0px; margin-bottom: 0px;\" class=\"sharethis-inline-share-buttons\" ><\/div>\n<p><strong>Aunque las mujeres son minor\u00eda entre las personas desaparecidas, m\u00e1s del 31% de ellas son menores de edad, lo que revela una tendencia alarmante vinculada a la trata, la violencia y la impunidad.<\/strong><\/p>\n\n\n\n<p>Al 5 de marzo de 2026, 8,925 ni\u00f1as menores de edad permanec\u00edan desaparecidas y no localizadas en M\u00e9xico. Mar\u00eda Jos\u00e9 Monroy Enciso es una de ellas. Fue arrancada de los brazos de su madre el 21 de septiembre de 2010, cuando ten\u00eda apenas 11 meses. Hoy, a sus 15 a\u00f1os, sigue sin ser localizada.<\/p>\n\n\n\n<p class=\"ver-mas\"><img loading=\"lazy\" decoding=\"async\" width=\"150\" height=\"156\" class=\"wp-image-5700\" style=\"width: 150px;\" src=\"https:\/\/imdhd.org\/redlupa\/wp-content\/uploads\/2026\/04\/Maria-jose-monroy-encizo.jpg\" alt=\"Foto de Mar\u00eda Jos\u00e9 Monroy Enciso\" srcset=\"https:\/\/imdhd.org\/redlupa\/wp-content\/uploads\/2026\/04\/Maria-jose-monroy-encizo.jpg 997w, https:\/\/imdhd.org\/redlupa\/wp-content\/uploads\/2026\/04\/Maria-jose-monroy-encizo-288x300.jpg 288w, https:\/\/imdhd.org\/redlupa\/wp-content\/uploads\/2026\/04\/Maria-jose-monroy-encizo-982x1024.jpg 982w, https:\/\/imdhd.org\/redlupa\/wp-content\/uploads\/2026\/04\/Maria-jose-monroy-encizo-768x801.jpg 768w\" sizes=\"auto, (max-width: 150px) 100vw, 150px\" \/>Mar\u00eda Jos\u00e9 Monroy Enciso<\/p>\n\n\n\n<p>Lejos de ser un caso aislado, su secuestro estuvo marcado por una violencia extrema: Geyser Crespo Garc\u00eda no solo la priv\u00f3 de la libertad, sino que tambi\u00e9n intent\u00f3 asesinar a Maribel Enciso, madre de la ni\u00f1a. Fue detenido un mes despu\u00e9s, inicialmente por violaci\u00f3n de una menor de edad. Durante su juicio, celebrado en 2016, declar\u00f3 haberla asesinado y arrojado su cuerpo en un canal de aguas negras cercano a Tec\u00e1mac. Sin embargo, nunca se ha encontrado ning\u00fan cuerpo.<\/p>\n\n\n\n<blockquote class=\"wp-block-quote has-text-align-right is-layout-flow wp-block-quote-is-layout-flow\">\n<p>En 2010 las menores representaban el 20% de las mujeres desaparecidas. Para 2025, esta proporci\u00f3n asciende al 39%.<\/p>\n<\/blockquote>\n\n\n\n<p>Actualmente, una de las principales hip\u00f3tesis de investigaci\u00f3n plantea que <strong>el secuestro de Mar\u00eda Jos\u00e9 podr\u00eda estar vinculado a una red de trata de menores con fines de adopci\u00f3n ilegal internacional<\/strong>. No obstante, la falta de cooperaci\u00f3n del agresor ha impedido confirmar esta l\u00ednea. <strong>Geyser Crespo Garc\u00eda fue condenado a 82 a\u00f1os y 7 meses de prisi\u00f3n el 12 de abril de 2016.<\/strong><\/p>\n\n\n\n<p>Se conoce el paradero del responsable, recluido en Cuautitl\u00e1n Izcalli. Sin embargo, m\u00e1s de quince a\u00f1os despu\u00e9s de los hechos, la pregunta sigue sin respuesta: \u00bfd\u00f3nde est\u00e1 Mar\u00eda Jos\u00e9 Monroy Enciso? Aunque la investigaci\u00f3n contin\u00faa abierta, en la pr\u00e1ctica <strong>depende en gran medida de la movilizaci\u00f3n constante de su madre, Maribel Enciso<\/strong>, particularmente activa en redes sociales.<\/p>\n\n\n\n<p class=\"wp-block-coblocks-highlight\"><mark class=\"wp-block-coblocks-highlight__content\">El caso de Mar\u00eda Jos\u00e9 Monroy Enciso no es aislado: se ha convertido en un s\u00edmbolo de una crisis m\u00e1s amplia en M\u00e9xico, la de las ni\u00f1as menores de edad desaparecidas y no localizadas.<\/mark><\/p>\n\n\n\n<p>Al 5 de marzo de 2026, 131,859 personas estaban desaparecidas y no localizadas en el pa\u00eds. De ellas, 28,769 eran mujeres y 102,687 hombres, es decir, m\u00e1s del 77% correspond\u00eda a hombres.<\/p>\n\n\n\t\t<div class='wp-block-b-chart-chart  alignfull' id='bChart-7e6b10e0-9' data-attributes='{&quot;align&quot;:&quot;full&quot;,&quot;cId&quot;:&quot;7e6b10e0-9&quot;,&quot;data&quot;:{&quot;labels&quot;:[&quot;2000&quot;,&quot;2001&quot;,&quot;2002&quot;,&quot;2003&quot;,&quot;2004&quot;,&quot;2005&quot;,&quot;2006&quot;,&quot;2007&quot;,&quot;2008&quot;,&quot;2009&quot;,&quot;2010&quot;,&quot;2011&quot;,&quot;2012&quot;,&quot;2013&quot;,&quot;2014&quot;,&quot;2015&quot;,&quot;2016&quot;,&quot;2017&quot;,&quot;2018&quot;,&quot;2019&quot;,&quot;2020&quot;,&quot;2021&quot;,&quot;2022&quot;,&quot;2023&quot;,&quot;2024&quot;,&quot;2025&quot;],&quot;datasets&quot;:[{&quot;label&quot;:&quot;Total por a\\u00f1o&quot;,&quot;data&quot;:[0,7,14,7,9,17,13,50,50,110,129,248,202,263,285,286,387,403,329,358,431,477,555,761,1086,1093],&quot;backgroundColor&quot;:[&quot;#ff638433&quot;,&quot;#36a28733&quot;,&quot;#ffce5633&quot;,&quot;#4bc0c033&quot;,&quot;#9966ff33&quot;,&quot;#ff9f4033&quot;,&quot;#4527a433&quot;,&quot;#4527a433&quot;,&quot;#4527a433&quot;,&quot;#4527a433&quot;,&quot;#4527a433&quot;,&quot;#4527a433&quot;,&quot;#4527a433&quot;,&quot;#4527a433&quot;,&quot;#4527a433&quot;,&quot;#4527a433&quot;,&quot;#4527a433&quot;,&quot;#4527a433&quot;,&quot;#4527a433&quot;,&quot;#4527a433&quot;,&quot;#4527a433&quot;,&quot;#4527a433&quot;,&quot;#4527a433&quot;,&quot;#4527a433&quot;,&quot;#4527a433&quot;,&quot;#4527a433&quot;],&quot;borderColor&quot;:[&quot;#45214A&quot;,&quot;#45214A&quot;,&quot;#45214A&quot;,&quot;#45214A&quot;,&quot;#45214A&quot;,&quot;#45214A&quot;,&quot;#45214A&quot;,&quot;#45214A&quot;,&quot;#45214A&quot;,&quot;#45214A&quot;,&quot;#45214A&quot;,&quot;#45214A&quot;,&quot;#45214A&quot;,&quot;#45214A&quot;,&quot;#45214A&quot;,&quot;#45214A&quot;,&quot;#45214A&quot;,&quot;#45214A&quot;,&quot;#45214A&quot;,&quot;#45214A&quot;,&quot;#45214A&quot;,&quot;#45214A&quot;,&quot;#45214A&quot;,&quot;#45214A&quot;,&quot;#45214A&quot;,&quot;#45214A&quot;],&quot;tension&quot;:0.4,&quot;borderWidth&quot;:2,&quot;hoverBorderWidth&quot;:2,&quot;pointRadius&quot;:3,&quot;pointHoverRadius&quot;:4,&quot;pointStyle&quot;:&quot;triangle&quot;}]},&quot;type&quot;:&quot;bar&quot;,&quot;title&quot;:&quot;N\\u00famero de mujeres menores de edad desaparecidas y no localizadas por a\\u00f1o&quot;,&quot;titleColor&quot;:&quot;#C00000&quot;,&quot;width&quot;:&quot;80%&quot;,&quot;height&quot;:&quot;450px&quot;,&quot;background&quot;:{&quot;color&quot;:&quot;#0000&quot;},&quot;textColor&quot;:&quot;#666&quot;,&quot;isXScale&quot;:true,&quot;isXGridLine&quot;:true,&quot;isYScale&quot;:true,&quot;isYGridLine&quot;:true,&quot;gridLineColor&quot;:&quot;#0000001a&quot;,&quot;alignment&quot;:&quot;center&quot;,&quot;isTitle&quot;:true,&quot;titleFontSize&quot;:22,&quot;isSubtitle&quot;:false,&quot;subtitle&quot;:&quot;Chart Subtitle&quot;,&quot;subtitleFontSize&quot;:13,&quot;subtitleColor&quot;:&quot;#8344c5&quot;,&quot;isDownload&quot;:false,&quot;extended_widget_opts_block&quot;:{},&quot;extended_widget_opts&quot;:{},&quot;extended_widget_opts_state&quot;:&quot;&quot;,&quot;extended_widget_opts_clientid&quot;:&quot;&quot;,&quot;dateUpdated&quot;:&quot;&quot;}'><\/div>\r\n\r\n\t\t\n\n\n<p>Sin embargo, al analizar los datos con mayor detalle, emerge una tendencia alarmante: <strong>entre 1950 y marzo de 2026, el 31% de las mujeres desaparecidas y no localizadas son menores de edad,<\/strong> frente al 8.5% en el caso de los hombres. Esta diferencia evidencia una clara sobrerrepresentaci\u00f3n de ni\u00f1as y adolescentes.<\/p>\n\n\n\n<p>Adem\u00e1s, esta sobrerrepresentaci\u00f3n ha ido en aumento. En 2010, a\u00f1o del secuestro de Mar\u00eda Jos\u00e9, las menores representaban el 20% de las mujeres desaparecidas (129 de 635 casos). Para 2025, esta proporci\u00f3n asciende al 39% (1,086 de 2,780 casos).<\/p>\n\n\n\n<p>Desde 2015, el n\u00famero de ni\u00f1as menores de edad desaparecidas y no localizadas es sistem\u00e1ticamente mayor que el de los ni\u00f1os. As\u00ed, no solo aumentan en n\u00famero, sino tambi\u00e9n en proporci\u00f3n, tanto entre las mujeres desaparecidas como dentro del total de menores.<\/p>\n\n\n\n<p class=\"wp-block-coblocks-highlight\"><mark class=\"wp-block-coblocks-highlight__content\">Cabe se\u00f1alar que estas cifras probablemente est\u00e1n subestimadas, especialmente en contextos migratorios, donde no existe un registro completo de personas desaparecidas en el territorio mexicano.<\/mark><\/p>\n\n\n\n<p class=\"ver-mas\"><img loading=\"lazy\" decoding=\"async\" width=\"150\" height=\"84\" class=\"wp-image-5714\" style=\"width: 150px;\" src=\"https:\/\/imdhd.org\/redlupa\/wp-content\/uploads\/2026\/04\/incrementa-trata.jpg\" alt=\"Trata de menores de edad\" srcset=\"https:\/\/imdhd.org\/redlupa\/wp-content\/uploads\/2026\/04\/incrementa-trata.jpg 1030w, https:\/\/imdhd.org\/redlupa\/wp-content\/uploads\/2026\/04\/incrementa-trata-300x169.jpg 300w, https:\/\/imdhd.org\/redlupa\/wp-content\/uploads\/2026\/04\/incrementa-trata-1024x577.jpg 1024w, https:\/\/imdhd.org\/redlupa\/wp-content\/uploads\/2026\/04\/incrementa-trata-768x432.jpg 768w\" sizes=\"auto, (max-width: 150px) 100vw, 150px\" \/><a href=\"https:\/\/www.chiapasparalelo.com\/noticias\/2024\/08\/incrementa-la-trata-de-personas-en-infancias-y-adolescencias-en-mexico-redim\/\" target=\"_blank\" rel=\"noreferrer noopener\">\u201cIncrementa la trata de personas en infancias y adolescencias en M\u00e9xico\u201d: REDIM<\/a><\/p>\n\n\n\n<p>Desde 2006, M\u00e9xico ha experimentado un aumento sostenido de las desapariciones, vinculado a distintos factores: la intensificaci\u00f3n de la violencia asociada al crimen organizado, el deterioro de las condiciones de seguridad, el crecimiento de la precariedad y la persistencia de las violencias de g\u00e9nero.<\/p>\n\n\n\n<p>Pero <strong>\u00bfc\u00f3mo explicar el aumento de la proporci\u00f3n de menores, y en particular de ni\u00f1as, ya sobrerrepresentadas entre las personas desaparecidas?<\/strong><\/p>\n\n\n\n<h2 class=\"wp-block-heading\">\u00bfLa explotaci\u00f3n sexual est\u00e1 detr\u00e1s del aumento de desapariciones de ni\u00f1as?<\/h2>\n\n\n\n<p>Seg\u00fan UNICEF, <strong>en Am\u00e9rica Latina el 61% de las v\u00edctimas de trata son ni\u00f1as, ni\u00f1os y adolescentes.<\/strong><\/p>\n\n\n\n<p>La Ley General en materia de trata de personas define este delito como una acci\u00f3n u omisi\u00f3n intencional destinada a reclutar, seducir, transportar, trasladar, retener, entregar, recibir o alojar a personas con fines de explotaci\u00f3n.<\/p>\n\n\n\n<p>Las ni\u00f1as y adolescentes est\u00e1n particularmente expuestas a la trata, especialmente con fines de explotaci\u00f3n sexual. Esta forma de explotaci\u00f3n es la m\u00e1s detectada por las autoridades y constituye una de las actividades criminales m\u00e1s lucrativas a nivel mundial. <strong>Adem\u00e1s, ocupa un lugar central en la trata de menores, cuyas v\u00edctimas son mayoritariamente mujeres.<\/strong><\/p>\n\n\n\n<p class=\"ver-mas\"><a href=\"https:\/\/www.unodc.org\/unodc\/es\/press\/releases\/2024\/December\/unodc-global-human-trafficking-report_-detected-victims-up-25-per-cent-as-more-children-are-exploited-and-forced-labour-cases-spike.html\" target=\"_blank\" rel=\"noreferrer noopener\">Informe Mundial sobre Trata de Personas de UNODC:<br>el n\u00famero de v\u00edctimas detectadas aument\u00f3 un 25% al incrementarse la explotaci\u00f3n infantil y los casos de trabajo forzoso<\/a><\/p>\n\n\n\n<p>De acuerdo con la Oficina de las Naciones Unidas contra la Droga y el Delito, el 60% de las ni\u00f1as identificadas como v\u00edctimas de trata en 2022 lo fueron con fines de explotaci\u00f3n sexual. UNICEF confirma que las menores de edad constituyen la mayor\u00eda de las v\u00edctimas de explotaci\u00f3n sexual en los registros disponibles. La edad de las v\u00edctimas suele situarse entre los 13 y los 15 a\u00f1os, lo que refleja la particular vulnerabilidad de las adolescentes. <strong>Las ni\u00f1as son frecuentemente percibidas por las redes criminales como m\u00e1s f\u00e1ciles de manipular y altamente demandadas, en parte debido a representaciones sociales que asocian juventud con deseabilidad.<\/strong><\/p>\n\n\n\n<p>En este contexto, diversas organizaciones han se\u00f1alado un aumento de los casos de trata, particularmente con fines de explotaci\u00f3n sexual. El Consejo Ciudadano para la Seguridad y Justicia de la Ciudad de M\u00e9xico ha documentado un incremento constante en las denuncias relacionadas con este delito, especialmente desde la pandemia de COVID-19.<\/p>\n\n\n\n<p><strong>Los riesgos de desaparici\u00f3n y trata se ven agravados por m\u00faltiples factores de vulnerabilidad, como la pobreza, la migraci\u00f3n, la falta de protecci\u00f3n y la violencia dom\u00e9stica.<\/strong> Si bien algunos casos implican secuestros violentos, la mayor\u00eda responde a formas de reclutamiento m\u00e1s sutiles, basadas en el enga\u00f1o y la explotaci\u00f3n de necesidades o expectativas.<\/p>\n\n\n\n<p>En muchos casos, las v\u00edctimas son captadas mediante relaciones afectivas simuladas, con promesas de amor, protecci\u00f3n o dinero. Este m\u00e9todo es particularmente com\u00fan en la explotaci\u00f3n sexual. Otras son enga\u00f1adas mediante falsas ofertas de empleo o promesas de migraci\u00f3n o estudios. <strong>Tambi\u00e9n hay casos de fuga o ruptura familiar, a menudo vinculados a violencia dom\u00e9stica, que incrementan la exposici\u00f3n a redes de explotaci\u00f3n.<\/strong> En general, estos procesos ocurren en contextos de alta vulnerabilidad social.<\/p>\n\n\n\n<p>Estas condiciones tienden a agravarse en el contexto nacional. El aumento de la violencia, especialmente la vinculada a la criminalidad organizada, incrementa la vulnerabilidad de ni\u00f1as y adolescentes, que en ocasiones se ven obligadas a desplazarse o migrar, quedando a\u00fan m\u00e1s expuestas a redes criminales.<\/p>\n\n\n\n<p>Por \u00faltimo, el quinto informe sobre trata de personas 2024-2025 del Consejo Ciudadano destaca nuevas din\u00e1micas que contribuyen al aumento del fen\u00f3meno: la convergencia entre trata y tr\u00e1fico de migrantes, el uso creciente de tecnolog\u00edas digitales y redes sociales para el reclutamiento \u2014especialmente de menores\u2014, as\u00ed como la expansi\u00f3n de redes transnacionales y la mayor vulnerabilidad de las poblaciones migrantes.<\/p>\n\n\n\n<h2 class=\"wp-block-heading\">Tr\u00e1fico de menores: un fen\u00f3meno menos visible, pero persistente<\/h2>\n\n\n\n<p>El tr\u00e1fico de menores con fines de venta o adopci\u00f3n ilegal, aunque menos documentado, forma parte del fen\u00f3meno de la trata. <strong>Estos casos, que pueden implicar secuestro y comercializaci\u00f3n, son menos frecuentes pero particularmente dif\u00edciles de investigar.<\/strong><\/p>\n\n\n\n<p>Los ni\u00f1os de entre 0 y 5 a\u00f1os son los m\u00e1s afectados. El valor de un menor puede oscilar entre 10,000 y 30,000 d\u00f3lares o incluso m\u00e1s, dependiendo de caracter\u00edsticas como la edad, el sexo o el estado de salud.<\/p>\n\n\n\n<p>Los ni\u00f1os muy peque\u00f1os son tambi\u00e9n los m\u00e1s dif\u00edciles de localizar. No pueden identificarse por s\u00ed mismos, carecen de una identidad social consolidada, su apariencia cambia r\u00e1pidamente y su identidad puede ser alterada con relativa facilidad. Adem\u00e1s, pueden ser trasladados r\u00e1pidamente entre pa\u00edses, lo que complica las investigaciones.<\/p>\n\n\n\n<h2 class=\"wp-block-heading\">Tamaulipas: epicentro de riesgo para ni\u00f1as<\/h2>\n\n\n\n<p>El fen\u00f3meno de las ni\u00f1as menores de edad desaparecidas y no localizadas afecta de manera desigual al territorio mexicano. Al analizar los datos por estado, Tamaulipas destaca como uno de los m\u00e1s afectados. <strong>Registra la tasa m\u00e1s alta de desaparici\u00f3n de ni\u00f1as no localizadas del pa\u00eds: 98 por cada 100,000, sobre una poblaci\u00f3n aproximada de 605,326 ni\u00f1as.<\/strong><\/p>\n\n\n\n<div class=\"wp-block-columns alignfull are-vertically-aligned-center has-color-6-background-color has-background is-layout-flex wp-container-core-columns-is-layout-53642b31 wp-block-columns-is-layout-flex\" style=\"padding-top:0;padding-right:0;padding-bottom:0;padding-left:0\">\n<div class=\"wp-block-column is-vertically-aligned-center is-layout-flow wp-block-column-is-layout-flow\" style=\"flex-basis:66.66%\">\n<div class=\"wp-block-columns is-layout-flex wp-container-core-columns-is-layout-f169625a wp-block-columns-is-layout-flex\" style=\"padding-top:var(--wp--preset--spacing--70);padding-right:var(--wp--preset--spacing--70);padding-bottom:var(--wp--preset--spacing--70);padding-left:var(--wp--preset--spacing--70)\">\n<div class=\"wp-block-column is-layout-flow wp-block-column-is-layout-flow\" style=\"flex-basis:33.33%\">\n<div class=\"wp-block-uagb-counter uagb-block-2adf95ac wp-block-uagb-counter--circle\"><div class=\"wp-block-uagb-counter-circle-container\"><div class=\"wp-block-uagb-counter-circle-container__content\"><div class=\"wp-block-uagb-counter__number\"><span class=\"uagb-counter-block-number\" data-duration=\"1.5\" data-to-value=\"12\" data-from-value=\"0\" data-delimiter=\",\"><\/span><span class=\"uagb-counter-block-suffix\">%<\/span><\/div><div class=\"wp-block-uagb-counter__title\">son menores de edad<\/div><\/div><svg preserveAspectRatio=\"xMinYMin meet\" viewBox=\"0 0 230 230\" version=\"1.1\" xmlns=\"http:\/\/www.w3.org\/2000\/svg\"><circle class=\"uagb-counter-circle__background\"><\/circle><circle class=\"uagb-counter-circle__progress\"><\/circle><\/svg><\/div><\/div>\n<\/div>\n\n\n\n<div class=\"wp-block-column is-layout-flow wp-block-column-is-layout-flow\" style=\"flex-basis:66.66%\">\n<p class=\"has-blanco-color has-text-color has-large-font-size\">Hasta el 16 de mayo de 2025, <strong>1586 personas ten\u00edan menos de 18 a\u00f1os cuando fueron desaparecidas<\/strong>, siendo la mayor\u00eda ni\u00f1os, exactamente el 62.11%<\/p>\n<\/div>\n<\/div>\n<\/div>\n\n\n\n<div class=\"wp-block-column is-vertically-aligned-center redondear-izq has-background is-layout-flow wp-block-column-is-layout-flow\" style=\"background-color:#ffffff30;padding-top:var(--wp--preset--spacing--60);padding-right:var(--wp--preset--spacing--60);padding-bottom:var(--wp--preset--spacing--60);padding-left:var(--wp--preset--spacing--60);flex-basis:33.33%\">\n<div class=\"wp-block-uagb-info-box uagb-block-a6b6d5ff uagb-infobox__content-wrap  uagb-infobox-icon-above-title uagb-infobox-image-valign-top\"><div class=\"uagb-ifb-content\"><div class=\"uagb-ifb-icon-wrap\"><div class=\"uagb-iconbox-icon-wrap uagb-infobox-shape-circle\"><svg xmlns=\"https:\/\/www.w3.org\/2000\/svg\" viewBox=\"0 0 320 512\"><path d=\"M224 64C224 99.35 195.3 128 160 128C124.7 128 96 99.35 96 64C96 28.65 124.7 0 160 0C195.3 0 224 28.65 224 64zM144 384V480C144 497.7 129.7 512 112 512C94.33 512 80.01 497.7 80.01 480V287.8L59.09 321C49.67 336 29.92 340.5 14.96 331.1C.0016 321.7-4.491 301.9 4.924 286.1L44.79 223.6C69.72 184 113.2 160 160 160C206.8 160 250.3 184 275.2 223.6L315.1 286.1C324.5 301.9 320 321.7 305.1 331.1C290.1 340.5 270.3 336 260.9 321L240 287.8V480C240 497.7 225.7 512 208 512C190.3 512 176 497.7 176 480V384L144 384z\"><\/path><\/svg><\/div><\/div><div class=\"uagb-ifb-title-wrap\"><h3 class=\"uagb-ifb-title\">9<\/h3><\/div><p class=\"uagb-ifb-desc\"><strong><strong>Ni\u00f1as fueron desaparecidas de enero a mayo de 2025.<\/strong><\/strong><\/p><\/div><\/div>\n<\/div>\n<\/div>\n\n\n\n<div class=\"wp-block-buttons is-layout-flex wp-block-buttons-is-layout-flex\">\n<div class=\"wp-block-button\"><a class=\"wp-block-button__link wp-element-button\" href=\"https:\/\/imdhd.org\/redlupa\/informes-y-analisis\/informes-estatales\/region-norte\/personas-desaparecidas-tamaulipas\/\" target=\"_blank\" rel=\"noreferrer noopener\">Consulta el informe de Tamualipas completo<\/a><\/div>\n<\/div>\n\n\n\n<p>Diversos factores estructurales explican esta situaci\u00f3n. Su ubicaci\u00f3n en la frontera norte lo convierte en un punto clave para los flujos migratorios, lo que favorece la presencia de redes de tr\u00e1fico de personas y organizaciones criminales que buscan controlar estos movimientos y obtener beneficios.<\/p>\n\n\n\n<p><strong>Estas redes no se limitan al traslado de personas, sino que con frecuencia derivan en situaciones de explotaci\u00f3n<\/strong>, incluyendo violencia y explotaci\u00f3n sexual, a la que las ni\u00f1as son particularmente vulnerables.<\/p>\n\n\n\n<p>Diversos informes documentan un aumento significativo de la violencia contra personas migrantes en la regi\u00f3n, incluyendo secuestros y violencia sexual. Quienes no pueden pagar rescates suelen ser retenidos y sometidos a distintas formas de explotaci\u00f3n.<\/p>\n\n\n\n<p>La presencia de organizaciones criminales refuerza este contexto. Tamaulipas ha sido hist\u00f3ricamente zona de operaci\u00f3n del C\u00e1rtel del Golfo, mientras que la presencia del C\u00e1rtel del Noreste intensifica las disputas territoriales. <strong>Estas confrontaciones han incrementado la violencia, los secuestros y las desapariciones, afectando de manera desproporcionada a ni\u00f1as y adolescentes.<\/strong><\/p>\n\n\n\n<p>En algunas zonas, estos grupos llegan a sustituir funciones del Estado, imponiendo control territorial. En este contexto, las desapariciones, el secuestro y la explotaci\u00f3n de poblaciones vulnerables se vuelven m\u00e1s probables.<\/p>\n\n\n\n<p>A esto se suma la precariedad socioecon\u00f3mica. La pobreza, la inestabilidad y la falta de redes de protecci\u00f3n aumentan la exposici\u00f3n a riesgos, como migraciones inseguras o la aceptaci\u00f3n de ofertas enga\u00f1osas.<\/p>\n\n\n\n<p>Finalmente, la debilidad institucional limita la capacidad de respuesta del Estado. La falta de recursos, la escasa coordinaci\u00f3n entre niveles de gobierno y los altos niveles de impunidad dificultan la investigaci\u00f3n y localizaci\u00f3n de las v\u00edctimas.<\/p>\n\n\n\n<h4 class=\"wp-block-heading\">Clasificaci\u00f3n de los estados mexicanos con mayor n\u00famero de casos de ni\u00f1as menores de edad desaparecidas y no localizadas<\/h4>\n\n\n\n<figure class=\"wp-block-table alignfull\"><table class=\"has-fixed-layout\"><tbody><tr><td><\/td><td><strong>Estado&nbsp;<\/strong><\/td><td><strong>N\u00famero&nbsp;<\/strong><\/td><td><strong>Poblaci\u00f3n de mujeres menores de edad<\/strong>*<\/td><td><strong>Tasa por cada &nbsp; &nbsp; 100 000 habitantes<\/strong><\/td><\/tr><tr><td><strong>1<\/strong><\/td><td><strong>ESTADO DE M\u00c9XICO<\/strong><\/td><td><strong>2,503<\/strong><\/td><td><strong>2,790,597<\/strong><\/td><td><strong>89.7<\/strong><\/td><\/tr><tr><td><strong>2<\/strong><\/td><td><strong>CIUDAD DE M\u00c9XICO<\/strong><\/td><td><strong>752<\/strong><\/td><td><strong>1,071,379<\/strong><\/td><td><strong>70.2<\/strong><\/td><\/tr><tr><td><strong>3<\/strong><\/td><td><strong>TAMAULIPAS<\/strong><\/td><td><strong>593<\/strong><\/td><td><strong>605,326<\/strong><\/td><td><strong>98.0<\/strong><\/td><\/tr><tr><td><strong>4<\/strong><\/td><td><strong>NUEVO LE\u00d3N<\/strong><\/td><td><strong>521<\/strong><\/td><td><strong>1,218,035<\/strong><\/td><td><strong>42.8<\/strong><\/td><\/tr><tr><td><strong>5<\/strong><\/td><td><strong>BAJA CALIFORNIA<\/strong><\/td><td><strong>413<\/strong><\/td><td><strong>840,762<\/strong><\/td><td><strong>49.1<\/strong><\/td><\/tr><tr><td><strong>6<\/strong><\/td><td><strong>PUEBLA<\/strong><\/td><td><strong>359<\/strong><\/td><td><strong>1,559,342<\/strong><\/td><td><strong>23<\/strong><\/td><\/tr><tr><td><strong>7<\/strong><\/td><td><strong>VERACRUZ<\/strong><\/td><td><strong>345<\/strong><\/td><td><strong>1,989,493<\/strong><\/td><td><strong>17.3<\/strong><\/td><\/tr><tr><td><strong>8<\/strong><\/td><td><strong>MICHOAC\u00c1N<\/strong><\/td><td><strong>326<\/strong><\/td><td><strong>1,071,998<\/strong><\/td><td><strong>30.4<\/strong><\/td><\/tr><tr><td><strong>9<\/strong><\/td><td><strong>JALISCO<\/strong><\/td><td><strong>276<\/strong><\/td><td><strong>1,871,582<\/strong><\/td><td><strong>14.8<\/strong><\/td><\/tr><tr><td><strong>10<\/strong><\/td><td><strong>MORELOS<\/strong><\/td><td><strong>259<\/strong><\/td><td><strong>430,973<\/strong><\/td><td><strong>60.1<\/strong><\/td><\/tr><tr><td><strong>11<\/strong><\/td><td><strong>HIDALGO<\/strong><\/td><td><strong>223<\/strong><\/td><td><strong>735,024<\/strong><\/td><td><strong>30.3<\/strong><\/td><\/tr><tr><td><strong>12<\/strong><\/td><td><strong>GUERRERO<\/strong><\/td><td><strong>221<\/strong><\/td><td><strong>832,456<\/strong><\/td><td><strong>26.5<\/strong><\/td><\/tr><tr><td><strong>13<\/strong><\/td><td><strong>SONORA<\/strong><\/td><td><strong>220<\/strong><\/td><td><strong>749,002<\/strong><\/td><td><strong>29.4<\/strong><\/td><\/tr><tr><td><strong>14<\/strong><\/td><td><strong>QUINTANA ROO<\/strong><\/td><td><strong>211<\/strong><\/td><td><strong>414,870<\/strong><\/td><td><strong>50.9<\/strong><\/td><\/tr><tr><td><strong>15<\/strong><\/td><td><strong>CHIHUAHUA<\/strong><\/td><td><strong>194<\/strong><\/td><td><strong>886,927<\/strong><\/td><td><strong>21.9<\/strong><\/td><\/tr><tr><td><strong>16<\/strong><\/td><td><strong>COAHUILA<\/strong><\/td><td><strong>187<\/strong><\/td><td><strong>724,884<\/strong><\/td><td><strong>25.8<\/strong><\/td><\/tr><tr><td><strong>17<\/strong><\/td><td><strong>CHIAPAS<\/strong><\/td><td><strong>184<\/strong><\/td><td><strong>1,495,628<\/strong><\/td><td><strong>12.3<\/strong><\/td><\/tr><tr><td><strong>18<\/strong><\/td><td><strong>TABASCO<\/strong><\/td><td><strong>156<\/strong><\/td><td><strong>603,488<\/strong><\/td><td><strong>25.8<\/strong><\/td><\/tr><tr><td><strong>19<\/strong><\/td><td><strong>GUANAJUATO<\/strong><\/td><td><strong>129<\/strong><\/td><td><strong>1,469,167<\/strong><\/td><td><strong>8.8<\/strong><\/td><\/tr><tr><td><strong>20<\/strong><\/td><td><strong>NAYARIT<\/strong><\/td><td><strong>128<\/strong><\/td><td><strong>279,544<\/strong><\/td><td><strong>45.8<\/strong><\/td><\/tr><tr><td><strong>21<\/strong><\/td><td><strong>SINALOA<\/strong><\/td><td><strong>127<\/strong><\/td><td><strong>736,391<\/strong><\/td><td><strong>17.3<\/strong><\/td><\/tr><tr><td><strong>22<\/strong><\/td><td><strong>ZACATECAS<\/strong><\/td><td><strong>122<\/strong><\/td><td><strong>368,774<\/strong><\/td><td><strong>33.1<\/strong><\/td><\/tr><tr><td><strong>23<\/strong><\/td><td><strong>COLIMA<\/strong><\/td><td><strong>94<\/strong><\/td><td><strong>170,921<\/strong><\/td><td><strong>55<\/strong><\/td><\/tr><tr><td><strong>24<\/strong><\/td><td><strong>OAXACA<\/strong><\/td><td><strong>60<\/strong><\/td><td><strong>1,010,768<\/strong><\/td><td><strong>5.9<\/strong><\/td><\/tr><tr><td><strong>25<\/strong><\/td><td><strong>SAN LUIS POTOS\u00cd<\/strong><\/td><td><strong>60<\/strong><\/td><td><strong>667,603<\/strong><\/td><td><strong>9<\/strong><\/td><\/tr><tr><td><strong>26<\/strong><\/td><td><strong>DURANGO<\/strong><\/td><td><strong>56<\/strong><\/td><td><strong>439,226<\/strong><\/td><td><strong>12.8<\/strong><\/td><\/tr><tr><td><strong>27<\/strong><\/td><td><strong>SE DESCONOCE<\/strong><\/td><td><strong>51<\/strong><\/td><td><\/td><td><\/td><\/tr><tr><td><strong>28<\/strong><\/td><td><strong>QUER\u00c9TARO<\/strong><\/td><td><strong>48<\/strong><\/td><td><strong>522,906<\/strong><\/td><td><strong>9.2<\/strong><\/td><\/tr><tr><td><strong>29<\/strong><\/td><td><strong>AGUASCALIENTES<\/strong><\/td><td><strong>35<\/strong><\/td><td><strong>296,381<\/strong><\/td><td><strong>11.8<\/strong><\/td><\/tr><tr><td><strong>30<\/strong><\/td><td><strong>BAJA CALIFORNIA SUR<\/strong><\/td><td><strong>27<\/strong><\/td><td><strong>181,520<\/strong><\/td><td><strong>14.9<\/strong><\/td><\/tr><tr><td><strong>31<\/strong><\/td><td><strong>TLAXCALA<\/strong><\/td><td><strong>20<\/strong><\/td><td><strong>333,112<\/strong><\/td><td><strong>6<\/strong><\/td><\/tr><tr><td><strong>32<\/strong><\/td><td><strong>CAMPECHE<\/strong><\/td><td><strong>15<\/strong><\/td><td><strong>221,566<\/strong><\/td><td><strong>6.8<\/strong><\/td><\/tr><tr><td><strong>33<\/strong><\/td><td><strong>YUCAT\u00c1N<\/strong><\/td><td><strong>10<\/strong><\/td><td><strong>533,021<\/strong><\/td><td><strong>1.9<\/strong><\/td><\/tr><\/tbody><\/table><\/figure>\n\n\n\n<p class=\"has-small-font-size\">*<strong>media estimada 2010-2020 (censos de 2010 a 2020 del INEGI)<\/strong>Poblaci\u00f3n de mujeres menores de edad (0-17 a\u00f1os), estimada a partir del Censo de 2020 (INEGI)<\/p>\n\n\n\n<h2 class=\"wp-block-heading\">Una crisis estructural que sigue creciendo<\/h2>\n\n\n\n<p>El aumento de ni\u00f1as menores de edad desaparecidas puede vincularse con el incremento de la trata de personas, de la cual son las principales v\u00edctimas. Este fen\u00f3meno tambi\u00e9n se relaciona con causas estructurales como la precariedad, la violencia, la presencia de grupos criminales y la debilidad institucional. <strong>Estas condiciones son especialmente visibles en Tamaulipas, donde la tasa de desaparici\u00f3n de ni\u00f1as es la m\u00e1s alta del pa\u00eds.<\/strong><\/p>\n\n\n\n<p>Desde 2022, la presidenta de UNICEF ha alertado sobre la urgencia de fortalecer los mecanismos de protecci\u00f3n:<\/p>\n\n\n\n<blockquote class=\"wp-block-quote is-layout-flow wp-block-quote-is-layout-flow\">\n<p>\u201cLa trata es una amenaza real para millones de ni\u00f1os en el mundo, en particular para quienes carecen de protecci\u00f3n. Es urgente que los gobiernos implementen medidas eficaces para garantizar su seguridad\u201d.<\/p>\n<\/blockquote>\n\n\n\n<h3 class=\"wp-block-heading\">Metodolog\u00eda<\/h3>\n\n\n\n<p><em>C\u00e1lculo de la poblaci\u00f3n de mujeres menores de edad en 2020: censo realizado cada 10 a\u00f1os por el Instituto Nacional de Estad\u00edstica y Geograf\u00eda (INEGI).<\/em><\/p>\n\n\n\n<p><em>Ni\u00f1as 0-14 = mujeres 0-4 + mujeres 5-9 + mujeres 10-14<\/em><\/p>\n\n\n\n<p><em>Ni\u00f1as 15-17 = mujeres 15-19 \u00d7 0.6<\/em><\/p>\n\n\n\n<p><em>Ni\u00f1as 0-17 = ni\u00f1as 0-14 + ni\u00f1as 15-17<\/em><\/p>\n\n\n\n<p><em>Justificaci\u00f3n: se utiliz\u00f3 la poblaci\u00f3n de 2020 porque la mayor\u00eda de las desapariciones ocurre despu\u00e9s de 2006, lo que permite estimar mejor el riesgo actual en un fen\u00f3meno en expansi\u00f3n.<\/em><\/p>\n\n\n\n<p><em>C\u00e1lculo de la tasa:<\/em><\/p>\n\n\n\n<p><em>N\u00famero de ni\u00f1as desaparecidas y no localizadas \/ poblaci\u00f3n de ni\u00f1as \u00d7 100,000<\/em><\/p>\n","protected":false},"excerpt":{"rendered":"<p>Aunque las mujeres son minor\u00eda entre las personas desaparecidas, m\u00e1s del 31% de ellas son menores de edad, lo que revela una tendencia alarmante vinculada a la trata, la violencia y la impunidad.<\/p>\n","protected":false},"author":1,"featured_media":5711,"comment_status":"closed","ping_status":"open","sticky":false,"template":"","format":"standard","meta":{"_acf_changed":false,"_coblocks_attr":"","_coblocks_dimensions":"","_coblocks_responsive_height":"","_coblocks_accordion_ie_support":"","_uag_custom_page_level_css":"","footnotes":""},"categories":[1],"tags":[],"class_list":["post-5699","post","type-post","status-publish","format-standard","has-post-thumbnail","hentry","category-uncategorized","entry"],"acf":[],"yoast_head":"<!-- This site is optimized with the Yoast SEO plugin v27.5 - https:\/\/yoast.com\/product\/yoast-seo-wordpress\/ -->\n<title>Desaparici\u00f3n de ni\u00f1as en M\u00e9xico: una crisis marcada por la violencia de g\u00e9nero - Red Lupa - Evaluamos la Ley general en materia de desaparici&oacute;n forzada<\/title>\n<meta name=\"description\" content=\"Aunque las mujeres son minor\u00eda entre las personas desaparecidas, m\u00e1s del 31% de ellas son menores ni\u00f1as, lo que revela una tendencia alarmante vinculada a la trata, la violencia y la impunidad.\" \/>\n<meta name=\"robots\" content=\"index, follow, max-snippet:-1, max-image-preview:large, max-video-preview:-1\" \/>\n<link rel=\"canonical\" href=\"https:\/\/imdhd.org\/redlupa\/uncategorized\/desaparicion-de-ninas-en-mexico-una-crisis-marcada-por-la-violencia-de-genero\/\" \/>\n<meta property=\"og:locale\" content=\"es_ES\" \/>\n<meta property=\"og:type\" content=\"article\" \/>\n<meta property=\"og:title\" content=\"Desaparici\u00f3n de ni\u00f1as en M\u00e9xico: una crisis marcada por la violencia de g\u00e9nero - Red Lupa - Evaluamos la Ley general en materia de desaparici&oacute;n forzada\" \/>\n<meta property=\"og:description\" content=\"Aunque las mujeres son minor\u00eda entre las personas desaparecidas, m\u00e1s del 31% de ellas son menores ni\u00f1as, lo que revela una tendencia alarmante vinculada a la trata, la violencia y la impunidad.\" \/>\n<meta property=\"og:url\" content=\"https:\/\/imdhd.org\/redlupa\/uncategorized\/desaparicion-de-ninas-en-mexico-una-crisis-marcada-por-la-violencia-de-genero\/\" \/>\n<meta property=\"og:site_name\" content=\"Red Lupa - Evaluamos la Ley general en materia de desaparici&oacute;n forzada\" \/>\n<meta property=\"article:published_time\" content=\"2026-04-28T22:56:14+00:00\" \/>\n<meta property=\"article:modified_time\" content=\"2026-04-29T00:00:46+00:00\" \/>\n<meta property=\"og:image\" content=\"https:\/\/imdhd.org\/redlupa\/wp-content\/uploads\/2026\/04\/desaparicion-ninas.jpg\" \/>\n\t<meta property=\"og:image:width\" content=\"1200\" \/>\n\t<meta property=\"og:image:height\" content=\"630\" \/>\n\t<meta property=\"og:image:type\" content=\"image\/jpeg\" \/>\n<meta name=\"author\" content=\"admin\" \/>\n<meta name=\"twitter:card\" content=\"summary_large_image\" \/>\n<meta name=\"twitter:label1\" content=\"Escrito por\" \/>\n\t<meta name=\"twitter:data1\" content=\"admin\" \/>\n\t<meta name=\"twitter:label2\" content=\"Tiempo de lectura\" \/>\n\t<meta name=\"twitter:data2\" content=\"10 minutos\" \/>\n<script type=\"application\/ld+json\" class=\"yoast-schema-graph\">{\"@context\":\"https:\\\/\\\/schema.org\",\"@graph\":[{\"@type\":\"Article\",\"@id\":\"https:\\\/\\\/imdhd.org\\\/redlupa\\\/uncategorized\\\/desaparicion-de-ninas-en-mexico-una-crisis-marcada-por-la-violencia-de-genero\\\/#article\",\"isPartOf\":{\"@id\":\"https:\\\/\\\/imdhd.org\\\/redlupa\\\/uncategorized\\\/desaparicion-de-ninas-en-mexico-una-crisis-marcada-por-la-violencia-de-genero\\\/\"},\"author\":{\"name\":\"admin\",\"@id\":\"https:\\\/\\\/imdhd.org\\\/redlupa\\\/#\\\/schema\\\/person\\\/74db25010a62c94ec83802156874b13f\"},\"headline\":\"Desaparici\u00f3n de ni\u00f1as en M\u00e9xico: una crisis marcada por la violencia de g\u00e9nero\",\"datePublished\":\"2026-04-28T22:56:14+00:00\",\"dateModified\":\"2026-04-29T00:00:46+00:00\",\"mainEntityOfPage\":{\"@id\":\"https:\\\/\\\/imdhd.org\\\/redlupa\\\/uncategorized\\\/desaparicion-de-ninas-en-mexico-una-crisis-marcada-por-la-violencia-de-genero\\\/\"},\"wordCount\":2148,\"publisher\":{\"@id\":\"https:\\\/\\\/imdhd.org\\\/redlupa\\\/#organization\"},\"image\":{\"@id\":\"https:\\\/\\\/imdhd.org\\\/redlupa\\\/uncategorized\\\/desaparicion-de-ninas-en-mexico-una-crisis-marcada-por-la-violencia-de-genero\\\/#primaryimage\"},\"thumbnailUrl\":\"https:\\\/\\\/imdhd.org\\\/redlupa\\\/wp-content\\\/uploads\\\/2026\\\/04\\\/desaparicion-ninas.jpg\",\"articleSection\":[\"Uncategorized\"],\"inLanguage\":\"es\"},{\"@type\":\"WebPage\",\"@id\":\"https:\\\/\\\/imdhd.org\\\/redlupa\\\/uncategorized\\\/desaparicion-de-ninas-en-mexico-una-crisis-marcada-por-la-violencia-de-genero\\\/\",\"url\":\"https:\\\/\\\/imdhd.org\\\/redlupa\\\/uncategorized\\\/desaparicion-de-ninas-en-mexico-una-crisis-marcada-por-la-violencia-de-genero\\\/\",\"name\":\"Desaparici\u00f3n de ni\u00f1as en M\u00e9xico: una crisis marcada por la violencia de g\u00e9nero - Red Lupa - Evaluamos la Ley general en materia de desaparici&oacute;n forzada\",\"isPartOf\":{\"@id\":\"https:\\\/\\\/imdhd.org\\\/redlupa\\\/#website\"},\"primaryImageOfPage\":{\"@id\":\"https:\\\/\\\/imdhd.org\\\/redlupa\\\/uncategorized\\\/desaparicion-de-ninas-en-mexico-una-crisis-marcada-por-la-violencia-de-genero\\\/#primaryimage\"},\"image\":{\"@id\":\"https:\\\/\\\/imdhd.org\\\/redlupa\\\/uncategorized\\\/desaparicion-de-ninas-en-mexico-una-crisis-marcada-por-la-violencia-de-genero\\\/#primaryimage\"},\"thumbnailUrl\":\"https:\\\/\\\/imdhd.org\\\/redlupa\\\/wp-content\\\/uploads\\\/2026\\\/04\\\/desaparicion-ninas.jpg\",\"datePublished\":\"2026-04-28T22:56:14+00:00\",\"dateModified\":\"2026-04-29T00:00:46+00:00\",\"description\":\"Aunque las mujeres son minor\u00eda entre las personas desaparecidas, m\u00e1s del 31% de ellas son menores ni\u00f1as, lo que revela una tendencia alarmante vinculada a la trata, la violencia y la impunidad.\",\"breadcrumb\":{\"@id\":\"https:\\\/\\\/imdhd.org\\\/redlupa\\\/uncategorized\\\/desaparicion-de-ninas-en-mexico-una-crisis-marcada-por-la-violencia-de-genero\\\/#breadcrumb\"},\"inLanguage\":\"es\",\"potentialAction\":[{\"@type\":\"ReadAction\",\"target\":[\"https:\\\/\\\/imdhd.org\\\/redlupa\\\/uncategorized\\\/desaparicion-de-ninas-en-mexico-una-crisis-marcada-por-la-violencia-de-genero\\\/\"]}]},{\"@type\":\"ImageObject\",\"inLanguage\":\"es\",\"@id\":\"https:\\\/\\\/imdhd.org\\\/redlupa\\\/uncategorized\\\/desaparicion-de-ninas-en-mexico-una-crisis-marcada-por-la-violencia-de-genero\\\/#primaryimage\",\"url\":\"https:\\\/\\\/imdhd.org\\\/redlupa\\\/wp-content\\\/uploads\\\/2026\\\/04\\\/desaparicion-ninas.jpg\",\"contentUrl\":\"https:\\\/\\\/imdhd.org\\\/redlupa\\\/wp-content\\\/uploads\\\/2026\\\/04\\\/desaparicion-ninas.jpg\",\"width\":1200,\"height\":630,\"caption\":\"Desaparici\u00f3n de ni\u00f1as en M\u00e9xico\"},{\"@type\":\"BreadcrumbList\",\"@id\":\"https:\\\/\\\/imdhd.org\\\/redlupa\\\/uncategorized\\\/desaparicion-de-ninas-en-mexico-una-crisis-marcada-por-la-violencia-de-genero\\\/#breadcrumb\",\"itemListElement\":[{\"@type\":\"ListItem\",\"position\":1,\"name\":\"Portada\",\"item\":\"https:\\\/\\\/imdhd.org\\\/redlupa\\\/\"},{\"@type\":\"ListItem\",\"position\":2,\"name\":\"Desaparici\u00f3n de ni\u00f1as en M\u00e9xico: una crisis marcada por la violencia de g\u00e9nero\"}]},{\"@type\":\"WebSite\",\"@id\":\"https:\\\/\\\/imdhd.org\\\/redlupa\\\/#website\",\"url\":\"https:\\\/\\\/imdhd.org\\\/redlupa\\\/\",\"name\":\"Red Lupa - Evaluamos la Ley general en materia de desaparici&oacute;n forzada\",\"description\":\"Seguimiento y vigilancia de la Ley general en materia de desaparici&oacute;n forzada de personas, desaparici&oacute;n cometida por particulares y del sistema nacional de b&uacute;squeda de personas\",\"publisher\":{\"@id\":\"https:\\\/\\\/imdhd.org\\\/redlupa\\\/#organization\"},\"potentialAction\":[{\"@type\":\"SearchAction\",\"target\":{\"@type\":\"EntryPoint\",\"urlTemplate\":\"https:\\\/\\\/imdhd.org\\\/redlupa\\\/?s={search_term_string}\"},\"query-input\":{\"@type\":\"PropertyValueSpecification\",\"valueRequired\":true,\"valueName\":\"search_term_string\"}}],\"inLanguage\":\"es\"},{\"@type\":\"Organization\",\"@id\":\"https:\\\/\\\/imdhd.org\\\/redlupa\\\/#organization\",\"name\":\"IMDHD\",\"url\":\"https:\\\/\\\/imdhd.org\\\/redlupa\\\/\",\"logo\":{\"@type\":\"ImageObject\",\"inLanguage\":\"es\",\"@id\":\"https:\\\/\\\/imdhd.org\\\/redlupa\\\/#\\\/schema\\\/logo\\\/image\\\/\",\"url\":\"http:\\\/\\\/imdhd.org\\\/redlupa\\\/wp-content\\\/uploads\\\/2023\\\/08\\\/logo-red-busqueda-bordes-colores.svg\",\"contentUrl\":\"http:\\\/\\\/imdhd.org\\\/redlupa\\\/wp-content\\\/uploads\\\/2023\\\/08\\\/logo-red-busqueda-bordes-colores.svg\",\"width\":1,\"height\":1,\"caption\":\"IMDHD\"},\"image\":{\"@id\":\"https:\\\/\\\/imdhd.org\\\/redlupa\\\/#\\\/schema\\\/logo\\\/image\\\/\"}},{\"@type\":\"Person\",\"@id\":\"https:\\\/\\\/imdhd.org\\\/redlupa\\\/#\\\/schema\\\/person\\\/74db25010a62c94ec83802156874b13f\",\"name\":\"admin\",\"image\":{\"@type\":\"ImageObject\",\"inLanguage\":\"es\",\"@id\":\"https:\\\/\\\/secure.gravatar.com\\\/avatar\\\/12fe34de4959513a90310b36a309d41a2f2e8c9dec80cb6efa358434d27149fb?s=96&d=mm&r=g\",\"url\":\"https:\\\/\\\/secure.gravatar.com\\\/avatar\\\/12fe34de4959513a90310b36a309d41a2f2e8c9dec80cb6efa358434d27149fb?s=96&d=mm&r=g\",\"contentUrl\":\"https:\\\/\\\/secure.gravatar.com\\\/avatar\\\/12fe34de4959513a90310b36a309d41a2f2e8c9dec80cb6efa358434d27149fb?s=96&d=mm&r=g\",\"caption\":\"admin\"},\"sameAs\":[\"http:\\\/\\\/imdhd.org\\\/redlupa\"],\"url\":\"https:\\\/\\\/imdhd.org\\\/redlupa\\\/author\\\/admin\\\/\"}]}<\/script>\n<!-- \/ Yoast SEO plugin. -->","yoast_head_json":{"title":"Desaparici\u00f3n de ni\u00f1as en M\u00e9xico: una crisis marcada por la violencia de g\u00e9nero - Red Lupa - Evaluamos la Ley general en materia de desaparici&oacute;n forzada","description":"Aunque las mujeres son minor\u00eda entre las personas desaparecidas, m\u00e1s del 31% de ellas son menores ni\u00f1as, lo que revela una tendencia alarmante vinculada a la trata, la violencia y la impunidad.","robots":{"index":"index","follow":"follow","max-snippet":"max-snippet:-1","max-image-preview":"max-image-preview:large","max-video-preview":"max-video-preview:-1"},"canonical":"https:\/\/imdhd.org\/redlupa\/uncategorized\/desaparicion-de-ninas-en-mexico-una-crisis-marcada-por-la-violencia-de-genero\/","og_locale":"es_ES","og_type":"article","og_title":"Desaparici\u00f3n de ni\u00f1as en M\u00e9xico: una crisis marcada por la violencia de g\u00e9nero - Red Lupa - Evaluamos la Ley general en materia de desaparici&oacute;n forzada","og_description":"Aunque las mujeres son minor\u00eda entre las personas desaparecidas, m\u00e1s del 31% de ellas son menores ni\u00f1as, lo que revela una tendencia alarmante vinculada a la trata, la violencia y la impunidad.","og_url":"https:\/\/imdhd.org\/redlupa\/uncategorized\/desaparicion-de-ninas-en-mexico-una-crisis-marcada-por-la-violencia-de-genero\/","og_site_name":"Red Lupa - Evaluamos la Ley general en materia de desaparici&oacute;n forzada","article_published_time":"2026-04-28T22:56:14+00:00","article_modified_time":"2026-04-29T00:00:46+00:00","og_image":[{"width":1200,"height":630,"url":"https:\/\/imdhd.org\/redlupa\/wp-content\/uploads\/2026\/04\/desaparicion-ninas.jpg","type":"image\/jpeg"}],"author":"admin","twitter_card":"summary_large_image","twitter_misc":{"Escrito por":"admin","Tiempo de lectura":"10 minutos"},"schema":{"@context":"https:\/\/schema.org","@graph":[{"@type":"Article","@id":"https:\/\/imdhd.org\/redlupa\/uncategorized\/desaparicion-de-ninas-en-mexico-una-crisis-marcada-por-la-violencia-de-genero\/#article","isPartOf":{"@id":"https:\/\/imdhd.org\/redlupa\/uncategorized\/desaparicion-de-ninas-en-mexico-una-crisis-marcada-por-la-violencia-de-genero\/"},"author":{"name":"admin","@id":"https:\/\/imdhd.org\/redlupa\/#\/schema\/person\/74db25010a62c94ec83802156874b13f"},"headline":"Desaparici\u00f3n de ni\u00f1as en M\u00e9xico: una crisis marcada por la violencia de g\u00e9nero","datePublished":"2026-04-28T22:56:14+00:00","dateModified":"2026-04-29T00:00:46+00:00","mainEntityOfPage":{"@id":"https:\/\/imdhd.org\/redlupa\/uncategorized\/desaparicion-de-ninas-en-mexico-una-crisis-marcada-por-la-violencia-de-genero\/"},"wordCount":2148,"publisher":{"@id":"https:\/\/imdhd.org\/redlupa\/#organization"},"image":{"@id":"https:\/\/imdhd.org\/redlupa\/uncategorized\/desaparicion-de-ninas-en-mexico-una-crisis-marcada-por-la-violencia-de-genero\/#primaryimage"},"thumbnailUrl":"https:\/\/imdhd.org\/redlupa\/wp-content\/uploads\/2026\/04\/desaparicion-ninas.jpg","articleSection":["Uncategorized"],"inLanguage":"es"},{"@type":"WebPage","@id":"https:\/\/imdhd.org\/redlupa\/uncategorized\/desaparicion-de-ninas-en-mexico-una-crisis-marcada-por-la-violencia-de-genero\/","url":"https:\/\/imdhd.org\/redlupa\/uncategorized\/desaparicion-de-ninas-en-mexico-una-crisis-marcada-por-la-violencia-de-genero\/","name":"Desaparici\u00f3n de ni\u00f1as en M\u00e9xico: una crisis marcada por la violencia de g\u00e9nero - Red Lupa - Evaluamos la Ley general en materia de desaparici&oacute;n forzada","isPartOf":{"@id":"https:\/\/imdhd.org\/redlupa\/#website"},"primaryImageOfPage":{"@id":"https:\/\/imdhd.org\/redlupa\/uncategorized\/desaparicion-de-ninas-en-mexico-una-crisis-marcada-por-la-violencia-de-genero\/#primaryimage"},"image":{"@id":"https:\/\/imdhd.org\/redlupa\/uncategorized\/desaparicion-de-ninas-en-mexico-una-crisis-marcada-por-la-violencia-de-genero\/#primaryimage"},"thumbnailUrl":"https:\/\/imdhd.org\/redlupa\/wp-content\/uploads\/2026\/04\/desaparicion-ninas.jpg","datePublished":"2026-04-28T22:56:14+00:00","dateModified":"2026-04-29T00:00:46+00:00","description":"Aunque las mujeres son minor\u00eda entre las personas desaparecidas, m\u00e1s del 31% de ellas son menores ni\u00f1as, lo que revela una tendencia alarmante vinculada a la trata, la violencia y la impunidad.","breadcrumb":{"@id":"https:\/\/imdhd.org\/redlupa\/uncategorized\/desaparicion-de-ninas-en-mexico-una-crisis-marcada-por-la-violencia-de-genero\/#breadcrumb"},"inLanguage":"es","potentialAction":[{"@type":"ReadAction","target":["https:\/\/imdhd.org\/redlupa\/uncategorized\/desaparicion-de-ninas-en-mexico-una-crisis-marcada-por-la-violencia-de-genero\/"]}]},{"@type":"ImageObject","inLanguage":"es","@id":"https:\/\/imdhd.org\/redlupa\/uncategorized\/desaparicion-de-ninas-en-mexico-una-crisis-marcada-por-la-violencia-de-genero\/#primaryimage","url":"https:\/\/imdhd.org\/redlupa\/wp-content\/uploads\/2026\/04\/desaparicion-ninas.jpg","contentUrl":"https:\/\/imdhd.org\/redlupa\/wp-content\/uploads\/2026\/04\/desaparicion-ninas.jpg","width":1200,"height":630,"caption":"Desaparici\u00f3n de ni\u00f1as en M\u00e9xico"},{"@type":"BreadcrumbList","@id":"https:\/\/imdhd.org\/redlupa\/uncategorized\/desaparicion-de-ninas-en-mexico-una-crisis-marcada-por-la-violencia-de-genero\/#breadcrumb","itemListElement":[{"@type":"ListItem","position":1,"name":"Portada","item":"https:\/\/imdhd.org\/redlupa\/"},{"@type":"ListItem","position":2,"name":"Desaparici\u00f3n de ni\u00f1as en M\u00e9xico: una crisis marcada por la violencia de g\u00e9nero"}]},{"@type":"WebSite","@id":"https:\/\/imdhd.org\/redlupa\/#website","url":"https:\/\/imdhd.org\/redlupa\/","name":"Red Lupa - Evaluamos la Ley general en materia de desaparici&oacute;n forzada","description":"Seguimiento y vigilancia de la Ley general en materia de desaparici&oacute;n forzada de personas, desaparici&oacute;n cometida por particulares y del sistema nacional de b&uacute;squeda de personas","publisher":{"@id":"https:\/\/imdhd.org\/redlupa\/#organization"},"potentialAction":[{"@type":"SearchAction","target":{"@type":"EntryPoint","urlTemplate":"https:\/\/imdhd.org\/redlupa\/?s={search_term_string}"},"query-input":{"@type":"PropertyValueSpecification","valueRequired":true,"valueName":"search_term_string"}}],"inLanguage":"es"},{"@type":"Organization","@id":"https:\/\/imdhd.org\/redlupa\/#organization","name":"IMDHD","url":"https:\/\/imdhd.org\/redlupa\/","logo":{"@type":"ImageObject","inLanguage":"es","@id":"https:\/\/imdhd.org\/redlupa\/#\/schema\/logo\/image\/","url":"http:\/\/imdhd.org\/redlupa\/wp-content\/uploads\/2023\/08\/logo-red-busqueda-bordes-colores.svg","contentUrl":"http:\/\/imdhd.org\/redlupa\/wp-content\/uploads\/2023\/08\/logo-red-busqueda-bordes-colores.svg","width":1,"height":1,"caption":"IMDHD"},"image":{"@id":"https:\/\/imdhd.org\/redlupa\/#\/schema\/logo\/image\/"}},{"@type":"Person","@id":"https:\/\/imdhd.org\/redlupa\/#\/schema\/person\/74db25010a62c94ec83802156874b13f","name":"admin","image":{"@type":"ImageObject","inLanguage":"es","@id":"https:\/\/secure.gravatar.com\/avatar\/12fe34de4959513a90310b36a309d41a2f2e8c9dec80cb6efa358434d27149fb?s=96&d=mm&r=g","url":"https:\/\/secure.gravatar.com\/avatar\/12fe34de4959513a90310b36a309d41a2f2e8c9dec80cb6efa358434d27149fb?s=96&d=mm&r=g","contentUrl":"https:\/\/secure.gravatar.com\/avatar\/12fe34de4959513a90310b36a309d41a2f2e8c9dec80cb6efa358434d27149fb?s=96&d=mm&r=g","caption":"admin"},"sameAs":["http:\/\/imdhd.org\/redlupa"],"url":"https:\/\/imdhd.org\/redlupa\/author\/admin\/"}]}},"uagb_featured_image_src":{"full":["https:\/\/imdhd.org\/redlupa\/wp-content\/uploads\/2026\/04\/desaparicion-ninas.jpg",1200,630,false],"thumbnail":["https:\/\/imdhd.org\/redlupa\/wp-content\/uploads\/2026\/04\/desaparicion-ninas-150x150.jpg",150,150,true],"medium":["https:\/\/imdhd.org\/redlupa\/wp-content\/uploads\/2026\/04\/desaparicion-ninas-300x158.jpg",300,158,true],"medium_large":["https:\/\/imdhd.org\/redlupa\/wp-content\/uploads\/2026\/04\/desaparicion-ninas-768x403.jpg",750,394,true],"large":["https:\/\/imdhd.org\/redlupa\/wp-content\/uploads\/2026\/04\/desaparicion-ninas-1024x538.jpg",750,394,true],"1536x1536":["https:\/\/imdhd.org\/redlupa\/wp-content\/uploads\/2026\/04\/desaparicion-ninas.jpg",1200,630,false],"2048x2048":["https:\/\/imdhd.org\/redlupa\/wp-content\/uploads\/2026\/04\/desaparicion-ninas.jpg",1200,630,false],"post-thumbnail":["https:\/\/imdhd.org\/redlupa\/wp-content\/uploads\/2026\/04\/desaparicion-ninas.jpg",1200,630,false]},"uagb_author_info":{"display_name":"admin","author_link":"https:\/\/imdhd.org\/redlupa\/author\/admin\/"},"uagb_comment_info":0,"uagb_excerpt":"Aunque las mujeres son minor\u00eda entre las personas desaparecidas, m\u00e1s del 31% de ellas son menores de edad, lo que revela una tendencia alarmante vinculada a la trata, la violencia y la impunidad.","_links":{"self":[{"href":"https:\/\/imdhd.org\/redlupa\/wp-json\/wp\/v2\/posts\/5699","targetHints":{"allow":["GET"]}}],"collection":[{"href":"https:\/\/imdhd.org\/redlupa\/wp-json\/wp\/v2\/posts"}],"about":[{"href":"https:\/\/imdhd.org\/redlupa\/wp-json\/wp\/v2\/types\/post"}],"author":[{"embeddable":true,"href":"https:\/\/imdhd.org\/redlupa\/wp-json\/wp\/v2\/users\/1"}],"replies":[{"embeddable":true,"href":"https:\/\/imdhd.org\/redlupa\/wp-json\/wp\/v2\/comments?post=5699"}],"version-history":[{"count":9,"href":"https:\/\/imdhd.org\/redlupa\/wp-json\/wp\/v2\/posts\/5699\/revisions"}],"predecessor-version":[{"id":5716,"href":"https:\/\/imdhd.org\/redlupa\/wp-json\/wp\/v2\/posts\/5699\/revisions\/5716"}],"wp:featuredmedia":[{"embeddable":true,"href":"https:\/\/imdhd.org\/redlupa\/wp-json\/wp\/v2\/media\/5711"}],"wp:attachment":[{"href":"https:\/\/imdhd.org\/redlupa\/wp-json\/wp\/v2\/media?parent=5699"}],"wp:term":[{"taxonomy":"category","embeddable":true,"href":"https:\/\/imdhd.org\/redlupa\/wp-json\/wp\/v2\/categories?post=5699"},{"taxonomy":"post_tag","embeddable":true,"href":"https:\/\/imdhd.org\/redlupa\/wp-json\/wp\/v2\/tags?post=5699"}],"curies":[{"name":"wp","href":"https:\/\/api.w.org\/{rel}","templated":true}]}}