{"id":6311,"date":"2026-08-28T15:47:00","date_gmt":"2026-08-28T21:47:00","guid":{"rendered":"https:\/\/imdhd.org\/redlupa\/?p=6311"},"modified":"2026-09-01T15:51:48","modified_gmt":"2026-09-01T21:51:48","slug":"dialogos-contra-la-desaparicion-que-podemos-hacer-frente-a-las-desapariciones","status":"publish","type":"post","link":"https:\/\/imdhd.org\/redlupa\/eventos\/dialogos-contra-la-desaparicion-que-podemos-hacer-frente-a-las-desapariciones\/","title":{"rendered":"Di\u00e1logos contra la Desaparici\u00f3n | \u00bfQu\u00e9 podemos hacer frente a las desapariciones?"},"content":{"rendered":"<div style=\"margin-top: 0px; margin-bottom: 0px;\" class=\"sharethis-inline-share-buttons\" ><\/div>\n<p class=\"wp-block-paragraph\">Buscar, acompa\u00f1ar, exigir verdad y justicia, construir memoria y garantizar la reparaci\u00f3n del da\u00f1o son parte de los caminos para hacer frente a las desapariciones y reconocer los derechos de quienes buscan a sus seres queridos.<\/p>\n\n\n\n<p class=\"wp-block-paragraph\">En esta cuarta y \u00faltima sesi\u00f3n de Di\u00e1logos contra la Desaparici\u00f3n, conversamos sobre la importancia de la memoria, la justicia y la acci\u00f3n colectiva, as\u00ed como sobre las herramientas y posibilidades que existen para acompa\u00f1ar las exigencias de las familias y colectivos de personas buscadoras.<\/p>\n\n\n\n<figure class=\"wp-block-embed is-type-video is-provider-youtube wp-block-embed-youtube wp-embed-aspect-16-9 wp-has-aspect-ratio\"><div class=\"wp-block-embed__wrapper\">\n<iframe loading=\"lazy\" title=\"Di\u00e1logos contra la Desaparici\u00f3n | \u00bfQu\u00e9 podemos hacer frente a las desapariciones?\" width=\"750\" height=\"422\" src=\"https:\/\/www.youtube.com\/embed\/qXGkvj5qfV0?feature=oembed\" frameborder=\"0\" allow=\"accelerometer; autoplay; clipboard-write; encrypted-media; gyroscope; picture-in-picture; web-share\" referrerpolicy=\"strict-origin-when-cross-origin\" allowfullscreen><\/iframe>\n<\/div><\/figure>\n\n\n\n<p class=\"wp-block-paragraph\"><strong>Nos acompa\u00f1an:<\/strong><\/p>\n\n\n\n<ul class=\"wp-block-list\">\n<li>Alexia M. Montalb\u00e1n, colaboradora del Centro Prodh.<\/li>\n\n\n\n<li>Ver\u00f3nica Dur\u00e1n integrante del colectivo Hasta Encontrarte.<\/li>\n<\/ul>\n\n\n\n<p class=\"wp-block-paragraph\">La conversaci\u00f3n es moderada por <strong>Raquel Maro\u00f1o, psic\u00f3loga y perita en reparaci\u00f3n del da\u00f1o del IMDHD.<\/strong><\/p>\n\n\n\n<p class=\"wp-block-paragraph\">Di\u00e1logos contra la Desaparici\u00f3n es un espacio impulsado por Amnist\u00eda Internacional M\u00e9xico y Red Lupa para conversar con personas especialistas, defensoras de derechos humanos, familiares y colectivas buscadoras sobre los temas que atraviesan la crisis de desaparici\u00f3n en M\u00e9xico.<\/p>\n","protected":false},"excerpt":{"rendered":"<p>Buscar, acompa\u00f1ar, exigir verdad y justicia, construir memoria y garantizar la reparaci\u00f3n del da\u00f1o son parte de los caminos para hacer frente a las desapariciones y reconocer los derechos de quienes buscan a sus seres queridos.<\/p>\n","protected":false},"author":1,"featured_media":6312,"comment_status":"closed","ping_status":"open","sticky":false,"template":"","format":"standard","meta":{"_acf_changed":false,"_coblocks_attr":"","_coblocks_dimensions":"","_coblocks_responsive_height":"","_coblocks_accordion_ie_support":"","_uag_custom_page_level_css":"","footnotes":""},"categories":[13],"tags":[],"class_list":["post-6311","post","type-post","status-publish","format-standard","has-post-thumbnail","hentry","category-eventos","entry"],"acf":[],"yoast_head":"<!-- This site is optimized with the Yoast SEO plugin v28.4 - https:\/\/yoast.com\/product\/yoast-seo-wordpress\/ -->\n<title>Di\u00e1logos contra la Desaparici\u00f3n | \u00bfQu\u00e9 podemos hacer frente a las desapariciones? - Red Lupa - Evaluamos la Ley general en materia de desaparici\u00f3n forzada<\/title>\n<meta name=\"robots\" content=\"index, follow, max-snippet:-1, max-image-preview:large, max-video-preview:-1\" \/>\n<link rel=\"canonical\" href=\"https:\/\/imdhd.org\/redlupa\/eventos\/dialogos-contra-la-desaparicion-que-podemos-hacer-frente-a-las-desapariciones\/\" \/>\n<meta property=\"og:locale\" content=\"es_ES\" \/>\n<meta property=\"og:type\" content=\"article\" \/>\n<meta property=\"og:title\" content=\"Di\u00e1logos contra la Desaparici\u00f3n | \u00bfQu\u00e9 podemos hacer frente a las desapariciones? - Red Lupa - Evaluamos la Ley general en materia de desaparici\u00f3n forzada\" \/>\n<meta property=\"og:description\" content=\"Buscar, acompa\u00f1ar, exigir verdad y justicia, construir memoria y garantizar la reparaci\u00f3n del da\u00f1o son parte de los caminos para hacer frente a las desapariciones y reconocer los derechos de quienes buscan a sus seres queridos.\" \/>\n<meta property=\"og:url\" content=\"https:\/\/imdhd.org\/redlupa\/eventos\/dialogos-contra-la-desaparicion-que-podemos-hacer-frente-a-las-desapariciones\/\" \/>\n<meta property=\"og:site_name\" content=\"Red Lupa - Evaluamos la Ley general en materia de desaparici\u00f3n forzada\" \/>\n<meta property=\"article:published_time\" content=\"2026-08-28T21:47:00+00:00\" \/>\n<meta property=\"article:modified_time\" content=\"2026-09-01T21:51:48+00:00\" \/>\n<meta property=\"og:image\" content=\"https:\/\/imdhd.org\/redlupa\/wp-content\/uploads\/2026\/09\/dialogos-1.jpg\" \/>\n\t<meta property=\"og:image:width\" content=\"1280\" \/>\n\t<meta property=\"og:image:height\" content=\"720\" \/>\n\t<meta property=\"og:image:type\" content=\"image\/jpeg\" \/>\n<meta name=\"author\" content=\"admin\" \/>\n<meta name=\"twitter:card\" content=\"summary_large_image\" \/>\n<meta name=\"twitter:label1\" content=\"Escrito por\" \/>\n\t<meta name=\"twitter:data1\" content=\"admin\" \/>\n\t<meta name=\"twitter:label2\" content=\"Tiempo de lectura\" \/>\n\t<meta name=\"twitter:data2\" content=\"1 minuto\" \/>\n<script type=\"application\/ld+json\" class=\"yoast-schema-graph\">{\"@context\":\"https:\\\/\\\/schema.org\",\"@graph\":[{\"@type\":\"Article\",\"@id\":\"https:\\\/\\\/imdhd.org\\\/redlupa\\\/eventos\\\/dialogos-contra-la-desaparicion-que-podemos-hacer-frente-a-las-desapariciones\\\/#article\",\"isPartOf\":{\"@id\":\"https:\\\/\\\/imdhd.org\\\/redlupa\\\/eventos\\\/dialogos-contra-la-desaparicion-que-podemos-hacer-frente-a-las-desapariciones\\\/\"},\"author\":{\"name\":\"admin\",\"@id\":\"https:\\\/\\\/imdhd.org\\\/redlupa\\\/#\\\/schema\\\/person\\\/74db25010a62c94ec83802156874b13f\"},\"headline\":\"Di\u00e1logos contra la Desaparici\u00f3n | \u00bfQu\u00e9 podemos hacer frente a las desapariciones?\",\"datePublished\":\"2026-08-28T21:47:00+00:00\",\"dateModified\":\"2026-09-01T21:51:48+00:00\",\"mainEntityOfPage\":{\"@id\":\"https:\\\/\\\/imdhd.org\\\/redlupa\\\/eventos\\\/dialogos-contra-la-desaparicion-que-podemos-hacer-frente-a-las-desapariciones\\\/\"},\"wordCount\":196,\"publisher\":{\"@id\":\"https:\\\/\\\/imdhd.org\\\/redlupa\\\/#organization\"},\"image\":{\"@id\":\"https:\\\/\\\/imdhd.org\\\/redlupa\\\/eventos\\\/dialogos-contra-la-desaparicion-que-podemos-hacer-frente-a-las-desapariciones\\\/#primaryimage\"},\"thumbnailUrl\":\"https:\\\/\\\/imdhd.org\\\/redlupa\\\/wp-content\\\/uploads\\\/2026\\\/09\\\/dialogos-1.jpg\",\"articleSection\":[\"Eventos\"],\"inLanguage\":\"es\"},{\"@type\":\"WebPage\",\"@id\":\"https:\\\/\\\/imdhd.org\\\/redlupa\\\/eventos\\\/dialogos-contra-la-desaparicion-que-podemos-hacer-frente-a-las-desapariciones\\\/\",\"url\":\"https:\\\/\\\/imdhd.org\\\/redlupa\\\/eventos\\\/dialogos-contra-la-desaparicion-que-podemos-hacer-frente-a-las-desapariciones\\\/\",\"name\":\"Di\u00e1logos contra la Desaparici\u00f3n | \u00bfQu\u00e9 podemos hacer frente a las desapariciones? - Red Lupa - Evaluamos la Ley general en materia de desaparici\u00f3n forzada\",\"isPartOf\":{\"@id\":\"https:\\\/\\\/imdhd.org\\\/redlupa\\\/#website\"},\"primaryImageOfPage\":{\"@id\":\"https:\\\/\\\/imdhd.org\\\/redlupa\\\/eventos\\\/dialogos-contra-la-desaparicion-que-podemos-hacer-frente-a-las-desapariciones\\\/#primaryimage\"},\"image\":{\"@id\":\"https:\\\/\\\/imdhd.org\\\/redlupa\\\/eventos\\\/dialogos-contra-la-desaparicion-que-podemos-hacer-frente-a-las-desapariciones\\\/#primaryimage\"},\"thumbnailUrl\":\"https:\\\/\\\/imdhd.org\\\/redlupa\\\/wp-content\\\/uploads\\\/2026\\\/09\\\/dialogos-1.jpg\",\"datePublished\":\"2026-08-28T21:47:00+00:00\",\"dateModified\":\"2026-09-01T21:51:48+00:00\",\"breadcrumb\":{\"@id\":\"https:\\\/\\\/imdhd.org\\\/redlupa\\\/eventos\\\/dialogos-contra-la-desaparicion-que-podemos-hacer-frente-a-las-desapariciones\\\/#breadcrumb\"},\"inLanguage\":\"es\",\"potentialAction\":[{\"@type\":\"ReadAction\",\"target\":[\"https:\\\/\\\/imdhd.org\\\/redlupa\\\/eventos\\\/dialogos-contra-la-desaparicion-que-podemos-hacer-frente-a-las-desapariciones\\\/\"]}]},{\"@type\":\"ImageObject\",\"inLanguage\":\"es\",\"@id\":\"https:\\\/\\\/imdhd.org\\\/redlupa\\\/eventos\\\/dialogos-contra-la-desaparicion-que-podemos-hacer-frente-a-las-desapariciones\\\/#primaryimage\",\"url\":\"https:\\\/\\\/imdhd.org\\\/redlupa\\\/wp-content\\\/uploads\\\/2026\\\/09\\\/dialogos-1.jpg\",\"contentUrl\":\"https:\\\/\\\/imdhd.org\\\/redlupa\\\/wp-content\\\/uploads\\\/2026\\\/09\\\/dialogos-1.jpg\",\"width\":1280,\"height\":720,\"caption\":\"Portada del conversatorio\"},{\"@type\":\"BreadcrumbList\",\"@id\":\"https:\\\/\\\/imdhd.org\\\/redlupa\\\/eventos\\\/dialogos-contra-la-desaparicion-que-podemos-hacer-frente-a-las-desapariciones\\\/#breadcrumb\",\"itemListElement\":[{\"@type\":\"ListItem\",\"position\":1,\"name\":\"Portada\",\"item\":\"https:\\\/\\\/imdhd.org\\\/redlupa\\\/\"},{\"@type\":\"ListItem\",\"position\":2,\"name\":\"Di\u00e1logos contra la Desaparici\u00f3n | \u00bfQu\u00e9 podemos hacer frente a las desapariciones?\"}]},{\"@type\":\"WebSite\",\"@id\":\"https:\\\/\\\/imdhd.org\\\/redlupa\\\/#website\",\"url\":\"https:\\\/\\\/imdhd.org\\\/redlupa\\\/\",\"name\":\"Red Lupa - Evaluamos la Ley general en materia de desaparici\u00f3n forzada\",\"description\":\"Seguimiento y vigilancia de la Ley general en materia de desaparici\u00f3n forzada de personas, desaparici\u00f3n cometida por particulares y del sistema nacional de b\u00fasqueda de personas\",\"publisher\":{\"@id\":\"https:\\\/\\\/imdhd.org\\\/redlupa\\\/#organization\"},\"potentialAction\":[{\"@type\":\"SearchAction\",\"target\":{\"@type\":\"EntryPoint\",\"urlTemplate\":\"https:\\\/\\\/imdhd.org\\\/redlupa\\\/?s={search_term_string}\"},\"query-input\":{\"@type\":\"PropertyValueSpecification\",\"valueRequired\":true,\"valueName\":\"search_term_string\"}}],\"inLanguage\":\"es\"},{\"@type\":\"Organization\",\"@id\":\"https:\\\/\\\/imdhd.org\\\/redlupa\\\/#organization\",\"name\":\"IMDHD\",\"url\":\"https:\\\/\\\/imdhd.org\\\/redlupa\\\/\",\"logo\":{\"@type\":\"ImageObject\",\"inLanguage\":\"es\",\"@id\":\"https:\\\/\\\/imdhd.org\\\/redlupa\\\/#\\\/schema\\\/logo\\\/image\\\/\",\"url\":\"http:\\\/\\\/imdhd.org\\\/redlupa\\\/wp-content\\\/uploads\\\/2023\\\/08\\\/logo-red-busqueda-bordes-colores.svg\",\"contentUrl\":\"http:\\\/\\\/imdhd.org\\\/redlupa\\\/wp-content\\\/uploads\\\/2023\\\/08\\\/logo-red-busqueda-bordes-colores.svg\",\"width\":1,\"height\":1,\"caption\":\"IMDHD\"},\"image\":{\"@id\":\"https:\\\/\\\/imdhd.org\\\/redlupa\\\/#\\\/schema\\\/logo\\\/image\\\/\"}},{\"@type\":\"Person\",\"@id\":\"https:\\\/\\\/imdhd.org\\\/redlupa\\\/#\\\/schema\\\/person\\\/74db25010a62c94ec83802156874b13f\",\"name\":\"admin\",\"image\":{\"@type\":\"ImageObject\",\"inLanguage\":\"es\",\"@id\":\"https:\\\/\\\/secure.gravatar.com\\\/avatar\\\/12fe34de4959513a90310b36a309d41a2f2e8c9dec80cb6efa358434d27149fb?s=96&d=mm&r=g\",\"url\":\"https:\\\/\\\/secure.gravatar.com\\\/avatar\\\/12fe34de4959513a90310b36a309d41a2f2e8c9dec80cb6efa358434d27149fb?s=96&d=mm&r=g\",\"contentUrl\":\"https:\\\/\\\/secure.gravatar.com\\\/avatar\\\/12fe34de4959513a90310b36a309d41a2f2e8c9dec80cb6efa358434d27149fb?s=96&d=mm&r=g\",\"caption\":\"admin\"},\"sameAs\":[\"http:\\\/\\\/imdhd.org\\\/redlupa\"],\"url\":\"https:\\\/\\\/imdhd.org\\\/redlupa\\\/author\\\/admin\\\/\"}]}<\/script>\n<!-- \/ Yoast SEO plugin. -->","yoast_head_json":{"title":"Di\u00e1logos contra la Desaparici\u00f3n | \u00bfQu\u00e9 podemos hacer frente a las desapariciones? - Red Lupa - Evaluamos la Ley general en materia de desaparici\u00f3n forzada","robots":{"index":"index","follow":"follow","max-snippet":"max-snippet:-1","max-image-preview":"max-image-preview:large","max-video-preview":"max-video-preview:-1"},"canonical":"https:\/\/imdhd.org\/redlupa\/eventos\/dialogos-contra-la-desaparicion-que-podemos-hacer-frente-a-las-desapariciones\/","og_locale":"es_ES","og_type":"article","og_title":"Di\u00e1logos contra la Desaparici\u00f3n | \u00bfQu\u00e9 podemos hacer frente a las desapariciones? - Red Lupa - Evaluamos la Ley general en materia de desaparici\u00f3n forzada","og_description":"Buscar, acompa\u00f1ar, exigir verdad y justicia, construir memoria y garantizar la reparaci\u00f3n del da\u00f1o son parte de los caminos para hacer frente a las desapariciones y reconocer los derechos de quienes buscan a sus seres queridos.","og_url":"https:\/\/imdhd.org\/redlupa\/eventos\/dialogos-contra-la-desaparicion-que-podemos-hacer-frente-a-las-desapariciones\/","og_site_name":"Red Lupa - Evaluamos la Ley general en materia de desaparici\u00f3n forzada","article_published_time":"2026-08-28T21:47:00+00:00","article_modified_time":"2026-09-01T21:51:48+00:00","og_image":[{"width":1280,"height":720,"url":"https:\/\/imdhd.org\/redlupa\/wp-content\/uploads\/2026\/09\/dialogos-1.jpg","type":"image\/jpeg"}],"author":"admin","twitter_card":"summary_large_image","twitter_misc":{"Escrito por":"admin","Tiempo de lectura":"1 minuto"},"schema":{"@context":"https:\/\/schema.org","@graph":[{"@type":"Article","@id":"https:\/\/imdhd.org\/redlupa\/eventos\/dialogos-contra-la-desaparicion-que-podemos-hacer-frente-a-las-desapariciones\/#article","isPartOf":{"@id":"https:\/\/imdhd.org\/redlupa\/eventos\/dialogos-contra-la-desaparicion-que-podemos-hacer-frente-a-las-desapariciones\/"},"author":{"name":"admin","@id":"https:\/\/imdhd.org\/redlupa\/#\/schema\/person\/74db25010a62c94ec83802156874b13f"},"headline":"Di\u00e1logos contra la Desaparici\u00f3n | \u00bfQu\u00e9 podemos hacer frente a las desapariciones?","datePublished":"2026-08-28T21:47:00+00:00","dateModified":"2026-09-01T21:51:48+00:00","mainEntityOfPage":{"@id":"https:\/\/imdhd.org\/redlupa\/eventos\/dialogos-contra-la-desaparicion-que-podemos-hacer-frente-a-las-desapariciones\/"},"wordCount":196,"publisher":{"@id":"https:\/\/imdhd.org\/redlupa\/#organization"},"image":{"@id":"https:\/\/imdhd.org\/redlupa\/eventos\/dialogos-contra-la-desaparicion-que-podemos-hacer-frente-a-las-desapariciones\/#primaryimage"},"thumbnailUrl":"https:\/\/imdhd.org\/redlupa\/wp-content\/uploads\/2026\/09\/dialogos-1.jpg","articleSection":["Eventos"],"inLanguage":"es"},{"@type":"WebPage","@id":"https:\/\/imdhd.org\/redlupa\/eventos\/dialogos-contra-la-desaparicion-que-podemos-hacer-frente-a-las-desapariciones\/","url":"https:\/\/imdhd.org\/redlupa\/eventos\/dialogos-contra-la-desaparicion-que-podemos-hacer-frente-a-las-desapariciones\/","name":"Di\u00e1logos contra la Desaparici\u00f3n | \u00bfQu\u00e9 podemos hacer frente a las desapariciones? - Red Lupa - Evaluamos la Ley general en materia de desaparici\u00f3n forzada","isPartOf":{"@id":"https:\/\/imdhd.org\/redlupa\/#website"},"primaryImageOfPage":{"@id":"https:\/\/imdhd.org\/redlupa\/eventos\/dialogos-contra-la-desaparicion-que-podemos-hacer-frente-a-las-desapariciones\/#primaryimage"},"image":{"@id":"https:\/\/imdhd.org\/redlupa\/eventos\/dialogos-contra-la-desaparicion-que-podemos-hacer-frente-a-las-desapariciones\/#primaryimage"},"thumbnailUrl":"https:\/\/imdhd.org\/redlupa\/wp-content\/uploads\/2026\/09\/dialogos-1.jpg","datePublished":"2026-08-28T21:47:00+00:00","dateModified":"2026-09-01T21:51:48+00:00","breadcrumb":{"@id":"https:\/\/imdhd.org\/redlupa\/eventos\/dialogos-contra-la-desaparicion-que-podemos-hacer-frente-a-las-desapariciones\/#breadcrumb"},"inLanguage":"es","potentialAction":[{"@type":"ReadAction","target":["https:\/\/imdhd.org\/redlupa\/eventos\/dialogos-contra-la-desaparicion-que-podemos-hacer-frente-a-las-desapariciones\/"]}]},{"@type":"ImageObject","inLanguage":"es","@id":"https:\/\/imdhd.org\/redlupa\/eventos\/dialogos-contra-la-desaparicion-que-podemos-hacer-frente-a-las-desapariciones\/#primaryimage","url":"https:\/\/imdhd.org\/redlupa\/wp-content\/uploads\/2026\/09\/dialogos-1.jpg","contentUrl":"https:\/\/imdhd.org\/redlupa\/wp-content\/uploads\/2026\/09\/dialogos-1.jpg","width":1280,"height":720,"caption":"Portada del conversatorio"},{"@type":"BreadcrumbList","@id":"https:\/\/imdhd.org\/redlupa\/eventos\/dialogos-contra-la-desaparicion-que-podemos-hacer-frente-a-las-desapariciones\/#breadcrumb","itemListElement":[{"@type":"ListItem","position":1,"name":"Portada","item":"https:\/\/imdhd.org\/redlupa\/"},{"@type":"ListItem","position":2,"name":"Di\u00e1logos contra la Desaparici\u00f3n | \u00bfQu\u00e9 podemos hacer frente a las desapariciones?"}]},{"@type":"WebSite","@id":"https:\/\/imdhd.org\/redlupa\/#website","url":"https:\/\/imdhd.org\/redlupa\/","name":"Red Lupa - Evaluamos la Ley general en materia de desaparici\u00f3n forzada","description":"Seguimiento y vigilancia de la Ley general en materia de desaparici\u00f3n forzada de personas, desaparici\u00f3n cometida por particulares y del sistema nacional de b\u00fasqueda de personas","publisher":{"@id":"https:\/\/imdhd.org\/redlupa\/#organization"},"potentialAction":[{"@type":"SearchAction","target":{"@type":"EntryPoint","urlTemplate":"https:\/\/imdhd.org\/redlupa\/?s={search_term_string}"},"query-input":{"@type":"PropertyValueSpecification","valueRequired":true,"valueName":"search_term_string"}}],"inLanguage":"es"},{"@type":"Organization","@id":"https:\/\/imdhd.org\/redlupa\/#organization","name":"IMDHD","url":"https:\/\/imdhd.org\/redlupa\/","logo":{"@type":"ImageObject","inLanguage":"es","@id":"https:\/\/imdhd.org\/redlupa\/#\/schema\/logo\/image\/","url":"http:\/\/imdhd.org\/redlupa\/wp-content\/uploads\/2023\/08\/logo-red-busqueda-bordes-colores.svg","contentUrl":"http:\/\/imdhd.org\/redlupa\/wp-content\/uploads\/2023\/08\/logo-red-busqueda-bordes-colores.svg","width":1,"height":1,"caption":"IMDHD"},"image":{"@id":"https:\/\/imdhd.org\/redlupa\/#\/schema\/logo\/image\/"}},{"@type":"Person","@id":"https:\/\/imdhd.org\/redlupa\/#\/schema\/person\/74db25010a62c94ec83802156874b13f","name":"admin","image":{"@type":"ImageObject","inLanguage":"es","@id":"https:\/\/secure.gravatar.com\/avatar\/12fe34de4959513a90310b36a309d41a2f2e8c9dec80cb6efa358434d27149fb?s=96&d=mm&r=g","url":"https:\/\/secure.gravatar.com\/avatar\/12fe34de4959513a90310b36a309d41a2f2e8c9dec80cb6efa358434d27149fb?s=96&d=mm&r=g","contentUrl":"https:\/\/secure.gravatar.com\/avatar\/12fe34de4959513a90310b36a309d41a2f2e8c9dec80cb6efa358434d27149fb?s=96&d=mm&r=g","caption":"admin"},"sameAs":["http:\/\/imdhd.org\/redlupa"],"url":"https:\/\/imdhd.org\/redlupa\/author\/admin\/"}]}},"uagb_featured_image_src":{"full":["https:\/\/imdhd.org\/redlupa\/wp-content\/uploads\/2026\/09\/dialogos-1.jpg",1280,720,false],"thumbnail":["https:\/\/imdhd.org\/redlupa\/wp-content\/uploads\/2026\/09\/dialogos-1-150x150.jpg",150,150,true],"medium":["https:\/\/imdhd.org\/redlupa\/wp-content\/uploads\/2026\/09\/dialogos-1-300x169.jpg",300,169,true],"medium_large":["https:\/\/imdhd.org\/redlupa\/wp-content\/uploads\/2026\/09\/dialogos-1-768x432.jpg",750,422,true],"large":["https:\/\/imdhd.org\/redlupa\/wp-content\/uploads\/2026\/09\/dialogos-1-1024x576.jpg",750,422,true],"1536x1536":["https:\/\/imdhd.org\/redlupa\/wp-content\/uploads\/2026\/09\/dialogos-1.jpg",1280,720,false],"2048x2048":["https:\/\/imdhd.org\/redlupa\/wp-content\/uploads\/2026\/09\/dialogos-1.jpg",1280,720,false],"post-thumbnail":["https:\/\/imdhd.org\/redlupa\/wp-content\/uploads\/2026\/09\/dialogos-1.jpg",1280,720,false]},"uagb_author_info":{"display_name":"admin","author_link":"https:\/\/imdhd.org\/redlupa\/author\/admin\/"},"uagb_comment_info":0,"uagb_excerpt":"Buscar, acompa\u00f1ar, exigir verdad y justicia, construir memoria y garantizar la reparaci\u00f3n del da\u00f1o son parte de los caminos para hacer frente a las desapariciones y reconocer los derechos de quienes buscan a sus seres queridos.","_links":{"self":[{"href":"https:\/\/imdhd.org\/redlupa\/wp-json\/wp\/v2\/posts\/6311","targetHints":{"allow":["GET"]}}],"collection":[{"href":"https:\/\/imdhd.org\/redlupa\/wp-json\/wp\/v2\/posts"}],"about":[{"href":"https:\/\/imdhd.org\/redlupa\/wp-json\/wp\/v2\/types\/post"}],"author":[{"embeddable":true,"href":"https:\/\/imdhd.org\/redlupa\/wp-json\/wp\/v2\/users\/1"}],"replies":[{"embeddable":true,"href":"https:\/\/imdhd.org\/redlupa\/wp-json\/wp\/v2\/comments?post=6311"}],"version-history":[{"count":2,"href":"https:\/\/imdhd.org\/redlupa\/wp-json\/wp\/v2\/posts\/6311\/revisions"}],"predecessor-version":[{"id":6314,"href":"https:\/\/imdhd.org\/redlupa\/wp-json\/wp\/v2\/posts\/6311\/revisions\/6314"}],"wp:featuredmedia":[{"embeddable":true,"href":"https:\/\/imdhd.org\/redlupa\/wp-json\/wp\/v2\/media\/6312"}],"wp:attachment":[{"href":"https:\/\/imdhd.org\/redlupa\/wp-json\/wp\/v2\/media?parent=6311"}],"wp:term":[{"taxonomy":"category","embeddable":true,"href":"https:\/\/imdhd.org\/redlupa\/wp-json\/wp\/v2\/categories?post=6311"},{"taxonomy":"post_tag","embeddable":true,"href":"https:\/\/imdhd.org\/redlupa\/wp-json\/wp\/v2\/tags?post=6311"}],"curies":[{"name":"wp","href":"https:\/\/api.w.org\/{rel}","templated":true}]}}