{"id":6325,"date":"2026-09-02T10:24:54","date_gmt":"2026-09-02T16:24:54","guid":{"rendered":"https:\/\/imdhd.org\/redlupa\/?p=6325"},"modified":"2026-09-02T10:30:19","modified_gmt":"2026-09-02T16:30:19","slug":"segundo-informe-presidencial-atender-las-desapariciones-mera-retorica","status":"publish","type":"post","link":"https:\/\/imdhd.org\/redlupa\/avance-de-la-ley-general-de-busqueda\/segundo-informe-presidencial-atender-las-desapariciones-mera-retorica\/","title":{"rendered":"Segundo informe presidencial: atender las desapariciones, mera ret\u00f3rica"},"content":{"rendered":"<div style=\"margin-top: 0px; margin-bottom: 0px;\" class=\"sharethis-inline-share-buttons\" ><\/div>\n<p class=\"wp-block-paragraph\">Por: Edgar Cortez<\/p>\n\n\n\n<p class=\"wp-block-paragraph\">La desaparici\u00f3n de personas en M\u00e9xico es la principal crisis de derechos humanos que vive el pa\u00eds y, sin embargo, <strong>est\u00e1 lejos de ser una prioridad efectiva en las decisiones del gobierno federal.<\/strong><\/p>\n\n\n\n<p class=\"wp-block-paragraph\">En el mensaje de la presidenta Claudia Sheinbaum por su segundo informe de gobierno no hubo una sola menci\u00f3n al tema.<\/p>\n\n\n\n<figure class=\"wp-block-embed alignright is-type-rich is-provider-twitter wp-block-embed-twitter\"><div class=\"wp-block-embed__wrapper\">\n<blockquote class=\"twitter-tweet\" data-width=\"550\" data-dnt=\"true\"><p lang=\"es\" dir=\"ltr\">Desde el Centro de Mando de la Alerta Nacional de B\u00fasqueda Inmediata <a href=\"https:\/\/x.com\/hashtag\/ANBI?src=hash&amp;ref_src=twsrc%5Etfw\">#ANBI<\/a> informamos los avances de la Estrategia Nacional de B\u00fasqueda. Para el gobierno humanista de la Presidenta <a href=\"https:\/\/x.com\/Claudiashein?ref_src=twsrc%5Etfw\">@Claudiashein<\/a> la localizaci\u00f3n de personas tiene una alta prioridad. <br>Seguiremos trabajando de la\u2026 <a href=\"https:\/\/t.co\/XRTXyx3c30\">pic.twitter.com\/XRTXyx3c30<\/a><\/p>&mdash; Rosa Icela Rodr\u00edguez Vel\u00e1zquez (@rosaicela_) <a href=\"https:\/\/x.com\/rosaicela_\/status\/2093527165492941075?ref_src=twsrc%5Etfw\">August 29, 2026<\/a><\/blockquote><script async src=\"https:\/\/platform.x.com\/widgets.js\" charset=\"utf-8\"><\/script>\n<\/div><\/figure>\n\n\n\n<p class=\"wp-block-paragraph\">En tanto la secretar\u00eda de gobernaci\u00f3n, Rosa Icela Rodr\u00edguez, el 28 de agosto en un mensaje en la red social X escribi\u00f3 lo siguiente: Para el gobierno humanista de la Presidenta @Claudiashein la localizaci\u00f3n de personas tiene una alta prioridad.<\/p>\n\n\n\n<p class=\"wp-block-paragraph\">Sin embargo, l<strong>a prioridad no alcanz\u00f3 para mencionar a los desaparecidos durante el mensaje presidencial del segundo informe.<\/strong><\/p>\n\n\n\n<h2 class=\"wp-block-heading\">Diez acciones para fortalecer la estrategia nacional de b\u00fasqueda<\/h2>\n\n\n\n<p class=\"wp-block-paragraph\">La misma secretaria inform\u00f3 que se fortalece la estrategia nacional de b\u00fasqueda (https:\/\/www.gob.mx\/segob\/prensa\/se-fortalece-la-estrategia-nacional-de-busqueda-con-10-acciones?state=published) mediante 10 acciones. Examinemos en qu\u00e9 consisten dichas acciones:<\/p>\n\n\n\n<ol class=\"wp-block-list\">\n<li>Garantizar que todos los reportes en el Registro Nacional de Personas Desaparecidas y No Localizadas cuenten con datos completos con el acompa\u00f1amiento de 10 expertos nacionales y extranjeros para el an\u00e1lisis t\u00e9cnico, cient\u00edfico y jur\u00eddico que permita implementar acciones.<\/li>\n\n\n\n<li>Lograr que cada reporte de desaparici\u00f3n cuente con una carpeta de investigaci\u00f3n.<\/li>\n\n\n\n<li>Informar los avances en la b\u00fasqueda y localizaci\u00f3n de personas con la Plataforma \u00danica de Identidad, en la b\u00fasqueda generalizada por parte de los estados y de la b\u00fasqueda en territorio con brigadas de la Comisi\u00f3n Nacional de B\u00fasqueda (CNB).<\/li>\n\n\n\n<li>Informar los avances de la Alerta Nacional de B\u00fasqueda Inmediata (ANBI).<\/li>\n\n\n\n<li>Reforzar las b\u00fasquedas en vida en hospitales, centros de reclusi\u00f3n y otras instituciones p\u00fablicas y privadas.<\/li>\n\n\n\n<li>Implementar un Plan de Identificaci\u00f3n Humana, encabezado por la FGR, para abatir el rezago forense.<\/li>\n\n\n\n<li>Prevenir el reclutamiento y la cooptaci\u00f3n de j\u00f3venes mediante plataformas digitales.<\/li>\n\n\n\n<li>Ampliar las capacidades operativas, t\u00e9cnicas y humanas de la CNB con personal especializado.<\/li>\n\n\n\n<li>Mantener la atenci\u00f3n y el di\u00e1logo permanente con familias de personas desaparecidas y colectivos.<\/li>\n\n\n\n<li>Llevar la estrategia al territorio, mediante jornadas de atenci\u00f3n a familias y coordinaci\u00f3n en las entidades federativas.<\/li>\n<\/ol>\n\n\n\n<p class=\"ver-mas wp-block-paragraph\"><a href=\"https:\/\/www.gob.mx\/segob\/prensa\/se-fortalece-la-estrategia-nacional-de-busqueda-con-10-acciones?state=published\" target=\"_blank\" rel=\"noreferrer noopener\">Se fortalece la Estrategia Nacional de B\u00fasqueda con 10 acciones<\/a><\/p>\n\n\n\n<h2 class=\"wp-block-heading\">Promesas de mejora al Registro Nacional<\/h2>\n\n\n\n<p class=\"wp-block-paragraph\">Las primeras cinco medidas corresponden a la implementaci\u00f3n del Protocolo para la activaci\u00f3n de la alerta nacional de b\u00fasqueda, publicado el 18 de febrero de 2026 en el Diario Oficial de la Federaci\u00f3n.<\/p>\n\n\n\n<p class=\"wp-block-paragraph\">En el caso de los 10 expertos se dice que revisaran las bases del Registro Nacional de Personas Desaparecidas para hacer mejoras.<\/p>\n\n\n\n<p class=\"wp-block-paragraph\">A este respecto, se trata de la tercera oferta de mejora al registro pues las dos anteriores titulares de la Comisi\u00f3n Nacional de B\u00fasqueda (CNB) hicieron promesas similares y nada pas\u00f3.<\/p>\n\n\n\n<p class=\"wp-block-paragraph\">Esta oferta tiene en com\u00fan con las anteriores que no existe un plan, tiempos y resultados esperados. Esperemos que no fracase como las promesas previas.<\/p>\n\n\n\n<h2 class=\"wp-block-heading\">Localizaciones anunciadas, pero sin evidencia p\u00fablica<\/h2>\n\n\n\n<p class=\"wp-block-paragraph\">El mismo 28 de agosto, la Secretar\u00eda de Gobernaci\u00f3n (Segob) inform\u00f3 que gracias a la Alerta Nacional de B\u00fasqueda se han localizado m\u00e1s de 2,500 personas durante las primeras 48 horas. Sin duda, un buen resultado, pero muy lejos de conseguir que la cifra de personas desaparecidas deje de incrementarse.<\/p>\n\n\n\n<blockquote class=\"wp-block-quote has-text-align-right is-layout-flow wp-block-quote-is-layout-flow\">\n<p class=\"wp-block-paragraph\">En los \u00faltimos seis meses, a trav\u00e9s de la Alerta Nacional se ha localizado a 2 mil 572 personas, la mayor\u00eda durante las primeras 48 horas posteriores al reporte<\/p>\n<cite>Segob: <a href=\"https:\/\/www.gob.mx\/segob\/prensa\/se-fortalece-la-estrategia-nacional-de-busqueda-con-10-acciones\" target=\"_blank\" rel=\"noreferrer noopener\">https:\/\/www.gob.mx\/segob\/prensa\/se-fortalece-la-estrategia-nacional-de-busqueda-con-10-acciones<\/a><\/cite><\/blockquote>\n\n\n\n<p class=\"wp-block-paragraph\">Esta misma secretar\u00eda mencion\u00f3 que gracias a la Plataforma \u00danica de Identidad se han identificado m\u00e1s de 40 mil casos de personas reportadas como desaparecidas que han realizado actividades relacionadas con alg\u00fan tr\u00e1mite, y de esas poco menos de siete mil tienen reporte de localizaci\u00f3n.<\/p>\n\n\n\n<p class=\"wp-block-paragraph\">El problema es que de todo esto no existe evidencia p\u00fablica, y l<strong>os colectivos de familiares no reportan que realmente sucedan estas localizaciones y menos en la magnitud mencionada.<\/strong><\/p>\n\n\n\n<h2 class=\"wp-block-heading\">Los antecedentes de los censos y la reducci\u00f3n de cifras<\/h2>\n\n\n\n<p class=\"wp-block-paragraph\">Conviene recordar que el presidente L\u00f3pez Obrador, el 18 de diciembre de 2023, present\u00f3 el \u201cCenso de personas desaparecidas\u201d y uno de los argumentos planteado fue haber detectado a personas reportadas como desaparecidas que fueron vacunadas durante la pandemia de COVID 19 o de haber realizado alg\u00fan tr\u00e1mite.<\/p>\n\n\n\n<p class=\"wp-block-paragraph\">En tanto que la presidenta Sheinbaum, el 27 de marzo de este a\u00f1o, present\u00f3 datos en donde el n\u00famero de personas desaparecidas se reduc\u00edan a poco m\u00e1s de 43 mil, bajo un argumento similar al presentado por el ex presidente L\u00f3pez Obrador en 2023.<\/p>\n\n\n\n<p class=\"wp-block-paragraph\">En ambos casos los colectivos de familiares cuestionaron la falta de claridad metodol\u00f3gica y que las familias no estaban teniendo ninguna participaci\u00f3n en estos an\u00e1lisis.<\/p>\n\n\n\n<p class=\"wp-block-paragraph\">Ambos intentos quedaron aparentemente detenidos, pero existen algunas voces de autoridades locales que se\u00f1alan que desde la CNB se les est\u00e1 presionando para que reduzcan el n\u00famero de personas desaparecidas.<\/p>\n\n\n\n<h2 class=\"wp-block-heading\">M\u00e1s estructura en la CNB, \u00bfcon qu\u00e9 resultados?<\/h2>\n\n\n\n<p class=\"wp-block-paragraph\">En relaci\u00f3n con la octava medida, la secretar\u00eda de gobernaci\u00f3n mencion\u00f3 que la CNB ahora cuenta con m\u00e1s de 400 especialistas en b\u00fasqueda.<\/p>\n\n\n\n<p class=\"wp-block-paragraph\">De acuerdo con la Comisionada Nacional de B\u00fasqueda, Martha Lidia P\u00e9rez, se han creado 10 nuevas direcciones de b\u00fasqueda especializada en la instituci\u00f3n.<\/p>\n\n\n\n<p class=\"wp-block-paragraph\">Lo que se puede constatar es que la burocracia ha crecido, pero no contamos con indicios de qu\u00e9 resultados se espera obtener con m\u00e1s personal.<\/p>\n\n\n\n<h2 class=\"wp-block-heading\">Miles de reuniones con familias, pero sin seguimiento<\/h2>\n\n\n\n<p class=\"wp-block-paragraph\">Por \u00faltimo, la secretaria de gobernaci\u00f3n tambi\u00e9n se\u00f1al\u00f3 que se han llevado a cabo 13,300 atenciones y reuniones con familiares y colectivos. Sin duda un n\u00famero muy alto. Lo que no se dice es que esas reuniones no tienen m\u00e9todo de trabajo, no cuentan con agenda y tampoco se cuenta con alg\u00fan tipo de seguimiento. Tal parece que el prop\u00f3sito de esas reuniones con colectivos, otorgadas de manera discrecional, es mantener la apariencia de atenci\u00f3n y propiciar&nbsp; la divisi\u00f3n en el movimiento de familiares.<\/p>\n\n\n\n<h2 class=\"wp-block-heading\">Acciones sin objetivos, tiempos ni resultados<\/h2>\n\n\n\n<p class=\"wp-block-paragraph\">Estas 10 acciones carecen de un plan de trabajo que precise objetivos, tiempos de elaboraci\u00f3n, pero sobre todo los resultados que se pretenden obtener.<\/p>\n\n\n\n<p class=\"wp-block-paragraph\">De nueva cuenta vemos que se proponen acciones, pero sin precisi\u00f3n alguna sobre los resultados, lo que permite se\u00f1alar que las desapariciones no son una prioridad. Para la presidenta Claudia Sheinbaum no existen y para la secretaria de gobernaci\u00f3n es un asunto que se tiene que administrar pero sin buscar soluciones reales para las familias.<\/p>\n","protected":false},"excerpt":{"rendered":"<p>La desaparici\u00f3n de personas en M\u00e9xico es la principal crisis de derechos humanos que vive el pa\u00eds y, sin embargo, est\u00e1 lejos de ser una prioridad efectiva en las decisiones del gobierno federal.<\/p>\n","protected":false},"author":1,"featured_media":6326,"comment_status":"closed","ping_status":"open","sticky":false,"template":"","format":"standard","meta":{"_acf_changed":false,"_coblocks_attr":"","_coblocks_dimensions":"","_coblocks_responsive_height":"","_coblocks_accordion_ie_support":"","_uag_custom_page_level_css":"","footnotes":""},"categories":[11],"tags":[],"class_list":["post-6325","post","type-post","status-publish","format-standard","has-post-thumbnail","hentry","category-avance-de-la-ley-general-de-busqueda","entry"],"acf":[],"yoast_head":"<!-- This site is optimized with the Yoast SEO plugin v28.4 - https:\/\/yoast.com\/product\/yoast-seo-wordpress\/ -->\n<title>Segundo informe presidencial: atender las desapariciones, mera ret\u00f3rica - Red Lupa - Evaluamos la Ley general en materia de desaparici\u00f3n forzada<\/title>\n<meta name=\"description\" content=\"La desaparici\u00f3n de personas en M\u00e9xico es la principal crisis de derechos humanos que vive el pa\u00eds y, sin embargo, est\u00e1 lejos de ser una prioridad efectiva en las decisiones del gobierno federal.\" \/>\n<meta name=\"robots\" content=\"index, follow, max-snippet:-1, max-image-preview:large, max-video-preview:-1\" \/>\n<link rel=\"canonical\" href=\"https:\/\/imdhd.org\/redlupa\/avance-de-la-ley-general-de-busqueda\/segundo-informe-presidencial-atender-las-desapariciones-mera-retorica\/\" \/>\n<meta property=\"og:locale\" content=\"es_ES\" \/>\n<meta property=\"og:type\" content=\"article\" \/>\n<meta property=\"og:title\" content=\"Segundo informe presidencial: atender las desapariciones, mera ret\u00f3rica - Red Lupa - Evaluamos la Ley general en materia de desaparici\u00f3n forzada\" \/>\n<meta property=\"og:description\" content=\"La desaparici\u00f3n de personas en M\u00e9xico es la principal crisis de derechos humanos que vive el pa\u00eds y, sin embargo, est\u00e1 lejos de ser una prioridad efectiva en las decisiones del gobierno federal.\" \/>\n<meta property=\"og:url\" content=\"https:\/\/imdhd.org\/redlupa\/avance-de-la-ley-general-de-busqueda\/segundo-informe-presidencial-atender-las-desapariciones-mera-retorica\/\" \/>\n<meta property=\"og:site_name\" content=\"Red Lupa - Evaluamos la Ley general en materia de desaparici\u00f3n forzada\" \/>\n<meta property=\"article:published_time\" content=\"2026-09-02T16:24:54+00:00\" \/>\n<meta property=\"article:modified_time\" content=\"2026-09-02T16:30:19+00:00\" \/>\n<meta property=\"og:image\" content=\"https:\/\/imdhd.org\/redlupa\/wp-content\/uploads\/2026\/09\/segundo-informa-a-espaldas-de-victimas-desaparicion.jpg\" \/>\n\t<meta property=\"og:image:width\" content=\"1671\" \/>\n\t<meta property=\"og:image:height\" content=\"941\" \/>\n\t<meta property=\"og:image:type\" content=\"image\/jpeg\" \/>\n<meta name=\"author\" content=\"admin\" \/>\n<meta name=\"twitter:card\" content=\"summary_large_image\" \/>\n<meta name=\"twitter:label1\" content=\"Escrito por\" \/>\n\t<meta name=\"twitter:data1\" content=\"admin\" \/>\n\t<meta name=\"twitter:label2\" content=\"Tiempo de lectura\" \/>\n\t<meta name=\"twitter:data2\" content=\"5 minutos\" \/>\n<script type=\"application\/ld+json\" class=\"yoast-schema-graph\">{\"@context\":\"https:\\\/\\\/schema.org\",\"@graph\":[{\"@type\":\"Article\",\"@id\":\"https:\\\/\\\/imdhd.org\\\/redlupa\\\/avance-de-la-ley-general-de-busqueda\\\/segundo-informe-presidencial-atender-las-desapariciones-mera-retorica\\\/#article\",\"isPartOf\":{\"@id\":\"https:\\\/\\\/imdhd.org\\\/redlupa\\\/avance-de-la-ley-general-de-busqueda\\\/segundo-informe-presidencial-atender-las-desapariciones-mera-retorica\\\/\"},\"author\":{\"name\":\"admin\",\"@id\":\"https:\\\/\\\/imdhd.org\\\/redlupa\\\/#\\\/schema\\\/person\\\/74db25010a62c94ec83802156874b13f\"},\"headline\":\"Segundo informe presidencial: atender las desapariciones, mera ret\u00f3rica\",\"datePublished\":\"2026-09-02T16:24:54+00:00\",\"dateModified\":\"2026-09-02T16:30:19+00:00\",\"mainEntityOfPage\":{\"@id\":\"https:\\\/\\\/imdhd.org\\\/redlupa\\\/avance-de-la-ley-general-de-busqueda\\\/segundo-informe-presidencial-atender-las-desapariciones-mera-retorica\\\/\"},\"wordCount\":1137,\"publisher\":{\"@id\":\"https:\\\/\\\/imdhd.org\\\/redlupa\\\/#organization\"},\"image\":{\"@id\":\"https:\\\/\\\/imdhd.org\\\/redlupa\\\/avance-de-la-ley-general-de-busqueda\\\/segundo-informe-presidencial-atender-las-desapariciones-mera-retorica\\\/#primaryimage\"},\"thumbnailUrl\":\"https:\\\/\\\/imdhd.org\\\/redlupa\\\/wp-content\\\/uploads\\\/2026\\\/09\\\/segundo-informa-a-espaldas-de-victimas-desaparicion.jpg\",\"articleSection\":[\"De inter\u00e9s\"],\"inLanguage\":\"es\"},{\"@type\":\"WebPage\",\"@id\":\"https:\\\/\\\/imdhd.org\\\/redlupa\\\/avance-de-la-ley-general-de-busqueda\\\/segundo-informe-presidencial-atender-las-desapariciones-mera-retorica\\\/\",\"url\":\"https:\\\/\\\/imdhd.org\\\/redlupa\\\/avance-de-la-ley-general-de-busqueda\\\/segundo-informe-presidencial-atender-las-desapariciones-mera-retorica\\\/\",\"name\":\"Segundo informe presidencial: atender las desapariciones, mera ret\u00f3rica - Red Lupa - Evaluamos la Ley general en materia de desaparici\u00f3n forzada\",\"isPartOf\":{\"@id\":\"https:\\\/\\\/imdhd.org\\\/redlupa\\\/#website\"},\"primaryImageOfPage\":{\"@id\":\"https:\\\/\\\/imdhd.org\\\/redlupa\\\/avance-de-la-ley-general-de-busqueda\\\/segundo-informe-presidencial-atender-las-desapariciones-mera-retorica\\\/#primaryimage\"},\"image\":{\"@id\":\"https:\\\/\\\/imdhd.org\\\/redlupa\\\/avance-de-la-ley-general-de-busqueda\\\/segundo-informe-presidencial-atender-las-desapariciones-mera-retorica\\\/#primaryimage\"},\"thumbnailUrl\":\"https:\\\/\\\/imdhd.org\\\/redlupa\\\/wp-content\\\/uploads\\\/2026\\\/09\\\/segundo-informa-a-espaldas-de-victimas-desaparicion.jpg\",\"datePublished\":\"2026-09-02T16:24:54+00:00\",\"dateModified\":\"2026-09-02T16:30:19+00:00\",\"description\":\"La desaparici\u00f3n de personas en M\u00e9xico es la principal crisis de derechos humanos que vive el pa\u00eds y, sin embargo, est\u00e1 lejos de ser una prioridad efectiva en las decisiones del gobierno federal.\",\"breadcrumb\":{\"@id\":\"https:\\\/\\\/imdhd.org\\\/redlupa\\\/avance-de-la-ley-general-de-busqueda\\\/segundo-informe-presidencial-atender-las-desapariciones-mera-retorica\\\/#breadcrumb\"},\"inLanguage\":\"es\",\"potentialAction\":[{\"@type\":\"ReadAction\",\"target\":[\"https:\\\/\\\/imdhd.org\\\/redlupa\\\/avance-de-la-ley-general-de-busqueda\\\/segundo-informe-presidencial-atender-las-desapariciones-mera-retorica\\\/\"]}]},{\"@type\":\"ImageObject\",\"inLanguage\":\"es\",\"@id\":\"https:\\\/\\\/imdhd.org\\\/redlupa\\\/avance-de-la-ley-general-de-busqueda\\\/segundo-informe-presidencial-atender-las-desapariciones-mera-retorica\\\/#primaryimage\",\"url\":\"https:\\\/\\\/imdhd.org\\\/redlupa\\\/wp-content\\\/uploads\\\/2026\\\/09\\\/segundo-informa-a-espaldas-de-victimas-desaparicion.jpg\",\"contentUrl\":\"https:\\\/\\\/imdhd.org\\\/redlupa\\\/wp-content\\\/uploads\\\/2026\\\/09\\\/segundo-informa-a-espaldas-de-victimas-desaparicion.jpg\",\"width\":1671,\"height\":941,\"caption\":\"Fotomontaje hecho con im\u00e1genes de Youtube de la transmisi\u00f3n y una conmemoraci\u00f3n de v\u00edctimas de desaparici\u00f3n del 30 de agosto de 2026. Foto original de la conmemoraci\u00f3n: Leah Lencioni V\u00e9lez\"},{\"@type\":\"BreadcrumbList\",\"@id\":\"https:\\\/\\\/imdhd.org\\\/redlupa\\\/avance-de-la-ley-general-de-busqueda\\\/segundo-informe-presidencial-atender-las-desapariciones-mera-retorica\\\/#breadcrumb\",\"itemListElement\":[{\"@type\":\"ListItem\",\"position\":1,\"name\":\"Portada\",\"item\":\"https:\\\/\\\/imdhd.org\\\/redlupa\\\/\"},{\"@type\":\"ListItem\",\"position\":2,\"name\":\"Segundo informe presidencial: atender las desapariciones, mera ret\u00f3rica\"}]},{\"@type\":\"WebSite\",\"@id\":\"https:\\\/\\\/imdhd.org\\\/redlupa\\\/#website\",\"url\":\"https:\\\/\\\/imdhd.org\\\/redlupa\\\/\",\"name\":\"Red Lupa - Evaluamos la Ley general en materia de desaparici\u00f3n forzada\",\"description\":\"Seguimiento y vigilancia de la Ley general en materia de desaparici\u00f3n forzada de personas, desaparici\u00f3n cometida por particulares y del sistema nacional de b\u00fasqueda de personas\",\"publisher\":{\"@id\":\"https:\\\/\\\/imdhd.org\\\/redlupa\\\/#organization\"},\"potentialAction\":[{\"@type\":\"SearchAction\",\"target\":{\"@type\":\"EntryPoint\",\"urlTemplate\":\"https:\\\/\\\/imdhd.org\\\/redlupa\\\/?s={search_term_string}\"},\"query-input\":{\"@type\":\"PropertyValueSpecification\",\"valueRequired\":true,\"valueName\":\"search_term_string\"}}],\"inLanguage\":\"es\"},{\"@type\":\"Organization\",\"@id\":\"https:\\\/\\\/imdhd.org\\\/redlupa\\\/#organization\",\"name\":\"IMDHD\",\"url\":\"https:\\\/\\\/imdhd.org\\\/redlupa\\\/\",\"logo\":{\"@type\":\"ImageObject\",\"inLanguage\":\"es\",\"@id\":\"https:\\\/\\\/imdhd.org\\\/redlupa\\\/#\\\/schema\\\/logo\\\/image\\\/\",\"url\":\"http:\\\/\\\/imdhd.org\\\/redlupa\\\/wp-content\\\/uploads\\\/2023\\\/08\\\/logo-red-busqueda-bordes-colores.svg\",\"contentUrl\":\"http:\\\/\\\/imdhd.org\\\/redlupa\\\/wp-content\\\/uploads\\\/2023\\\/08\\\/logo-red-busqueda-bordes-colores.svg\",\"width\":1,\"height\":1,\"caption\":\"IMDHD\"},\"image\":{\"@id\":\"https:\\\/\\\/imdhd.org\\\/redlupa\\\/#\\\/schema\\\/logo\\\/image\\\/\"}},{\"@type\":\"Person\",\"@id\":\"https:\\\/\\\/imdhd.org\\\/redlupa\\\/#\\\/schema\\\/person\\\/74db25010a62c94ec83802156874b13f\",\"name\":\"admin\",\"image\":{\"@type\":\"ImageObject\",\"inLanguage\":\"es\",\"@id\":\"https:\\\/\\\/secure.gravatar.com\\\/avatar\\\/12fe34de4959513a90310b36a309d41a2f2e8c9dec80cb6efa358434d27149fb?s=96&d=mm&r=g\",\"url\":\"https:\\\/\\\/secure.gravatar.com\\\/avatar\\\/12fe34de4959513a90310b36a309d41a2f2e8c9dec80cb6efa358434d27149fb?s=96&d=mm&r=g\",\"contentUrl\":\"https:\\\/\\\/secure.gravatar.com\\\/avatar\\\/12fe34de4959513a90310b36a309d41a2f2e8c9dec80cb6efa358434d27149fb?s=96&d=mm&r=g\",\"caption\":\"admin\"},\"sameAs\":[\"http:\\\/\\\/imdhd.org\\\/redlupa\"],\"url\":\"https:\\\/\\\/imdhd.org\\\/redlupa\\\/author\\\/admin\\\/\"}]}<\/script>\n<!-- \/ Yoast SEO plugin. -->","yoast_head_json":{"title":"Segundo informe presidencial: atender las desapariciones, mera ret\u00f3rica - Red Lupa - Evaluamos la Ley general en materia de desaparici\u00f3n forzada","description":"La desaparici\u00f3n de personas en M\u00e9xico es la principal crisis de derechos humanos que vive el pa\u00eds y, sin embargo, est\u00e1 lejos de ser una prioridad efectiva en las decisiones del gobierno federal.","robots":{"index":"index","follow":"follow","max-snippet":"max-snippet:-1","max-image-preview":"max-image-preview:large","max-video-preview":"max-video-preview:-1"},"canonical":"https:\/\/imdhd.org\/redlupa\/avance-de-la-ley-general-de-busqueda\/segundo-informe-presidencial-atender-las-desapariciones-mera-retorica\/","og_locale":"es_ES","og_type":"article","og_title":"Segundo informe presidencial: atender las desapariciones, mera ret\u00f3rica - Red Lupa - Evaluamos la Ley general en materia de desaparici\u00f3n forzada","og_description":"La desaparici\u00f3n de personas en M\u00e9xico es la principal crisis de derechos humanos que vive el pa\u00eds y, sin embargo, est\u00e1 lejos de ser una prioridad efectiva en las decisiones del gobierno federal.","og_url":"https:\/\/imdhd.org\/redlupa\/avance-de-la-ley-general-de-busqueda\/segundo-informe-presidencial-atender-las-desapariciones-mera-retorica\/","og_site_name":"Red Lupa - Evaluamos la Ley general en materia de desaparici\u00f3n forzada","article_published_time":"2026-09-02T16:24:54+00:00","article_modified_time":"2026-09-02T16:30:19+00:00","og_image":[{"width":1671,"height":941,"url":"https:\/\/imdhd.org\/redlupa\/wp-content\/uploads\/2026\/09\/segundo-informa-a-espaldas-de-victimas-desaparicion.jpg","type":"image\/jpeg"}],"author":"admin","twitter_card":"summary_large_image","twitter_misc":{"Escrito por":"admin","Tiempo de lectura":"5 minutos"},"schema":{"@context":"https:\/\/schema.org","@graph":[{"@type":"Article","@id":"https:\/\/imdhd.org\/redlupa\/avance-de-la-ley-general-de-busqueda\/segundo-informe-presidencial-atender-las-desapariciones-mera-retorica\/#article","isPartOf":{"@id":"https:\/\/imdhd.org\/redlupa\/avance-de-la-ley-general-de-busqueda\/segundo-informe-presidencial-atender-las-desapariciones-mera-retorica\/"},"author":{"name":"admin","@id":"https:\/\/imdhd.org\/redlupa\/#\/schema\/person\/74db25010a62c94ec83802156874b13f"},"headline":"Segundo informe presidencial: atender las desapariciones, mera ret\u00f3rica","datePublished":"2026-09-02T16:24:54+00:00","dateModified":"2026-09-02T16:30:19+00:00","mainEntityOfPage":{"@id":"https:\/\/imdhd.org\/redlupa\/avance-de-la-ley-general-de-busqueda\/segundo-informe-presidencial-atender-las-desapariciones-mera-retorica\/"},"wordCount":1137,"publisher":{"@id":"https:\/\/imdhd.org\/redlupa\/#organization"},"image":{"@id":"https:\/\/imdhd.org\/redlupa\/avance-de-la-ley-general-de-busqueda\/segundo-informe-presidencial-atender-las-desapariciones-mera-retorica\/#primaryimage"},"thumbnailUrl":"https:\/\/imdhd.org\/redlupa\/wp-content\/uploads\/2026\/09\/segundo-informa-a-espaldas-de-victimas-desaparicion.jpg","articleSection":["De inter\u00e9s"],"inLanguage":"es"},{"@type":"WebPage","@id":"https:\/\/imdhd.org\/redlupa\/avance-de-la-ley-general-de-busqueda\/segundo-informe-presidencial-atender-las-desapariciones-mera-retorica\/","url":"https:\/\/imdhd.org\/redlupa\/avance-de-la-ley-general-de-busqueda\/segundo-informe-presidencial-atender-las-desapariciones-mera-retorica\/","name":"Segundo informe presidencial: atender las desapariciones, mera ret\u00f3rica - Red Lupa - Evaluamos la Ley general en materia de desaparici\u00f3n forzada","isPartOf":{"@id":"https:\/\/imdhd.org\/redlupa\/#website"},"primaryImageOfPage":{"@id":"https:\/\/imdhd.org\/redlupa\/avance-de-la-ley-general-de-busqueda\/segundo-informe-presidencial-atender-las-desapariciones-mera-retorica\/#primaryimage"},"image":{"@id":"https:\/\/imdhd.org\/redlupa\/avance-de-la-ley-general-de-busqueda\/segundo-informe-presidencial-atender-las-desapariciones-mera-retorica\/#primaryimage"},"thumbnailUrl":"https:\/\/imdhd.org\/redlupa\/wp-content\/uploads\/2026\/09\/segundo-informa-a-espaldas-de-victimas-desaparicion.jpg","datePublished":"2026-09-02T16:24:54+00:00","dateModified":"2026-09-02T16:30:19+00:00","description":"La desaparici\u00f3n de personas en M\u00e9xico es la principal crisis de derechos humanos que vive el pa\u00eds y, sin embargo, est\u00e1 lejos de ser una prioridad efectiva en las decisiones del gobierno federal.","breadcrumb":{"@id":"https:\/\/imdhd.org\/redlupa\/avance-de-la-ley-general-de-busqueda\/segundo-informe-presidencial-atender-las-desapariciones-mera-retorica\/#breadcrumb"},"inLanguage":"es","potentialAction":[{"@type":"ReadAction","target":["https:\/\/imdhd.org\/redlupa\/avance-de-la-ley-general-de-busqueda\/segundo-informe-presidencial-atender-las-desapariciones-mera-retorica\/"]}]},{"@type":"ImageObject","inLanguage":"es","@id":"https:\/\/imdhd.org\/redlupa\/avance-de-la-ley-general-de-busqueda\/segundo-informe-presidencial-atender-las-desapariciones-mera-retorica\/#primaryimage","url":"https:\/\/imdhd.org\/redlupa\/wp-content\/uploads\/2026\/09\/segundo-informa-a-espaldas-de-victimas-desaparicion.jpg","contentUrl":"https:\/\/imdhd.org\/redlupa\/wp-content\/uploads\/2026\/09\/segundo-informa-a-espaldas-de-victimas-desaparicion.jpg","width":1671,"height":941,"caption":"Fotomontaje hecho con im\u00e1genes de Youtube de la transmisi\u00f3n y una conmemoraci\u00f3n de v\u00edctimas de desaparici\u00f3n del 30 de agosto de 2026. Foto original de la conmemoraci\u00f3n: Leah Lencioni V\u00e9lez"},{"@type":"BreadcrumbList","@id":"https:\/\/imdhd.org\/redlupa\/avance-de-la-ley-general-de-busqueda\/segundo-informe-presidencial-atender-las-desapariciones-mera-retorica\/#breadcrumb","itemListElement":[{"@type":"ListItem","position":1,"name":"Portada","item":"https:\/\/imdhd.org\/redlupa\/"},{"@type":"ListItem","position":2,"name":"Segundo informe presidencial: atender las desapariciones, mera ret\u00f3rica"}]},{"@type":"WebSite","@id":"https:\/\/imdhd.org\/redlupa\/#website","url":"https:\/\/imdhd.org\/redlupa\/","name":"Red Lupa - Evaluamos la Ley general en materia de desaparici\u00f3n forzada","description":"Seguimiento y vigilancia de la Ley general en materia de desaparici\u00f3n forzada de personas, desaparici\u00f3n cometida por particulares y del sistema nacional de b\u00fasqueda de personas","publisher":{"@id":"https:\/\/imdhd.org\/redlupa\/#organization"},"potentialAction":[{"@type":"SearchAction","target":{"@type":"EntryPoint","urlTemplate":"https:\/\/imdhd.org\/redlupa\/?s={search_term_string}"},"query-input":{"@type":"PropertyValueSpecification","valueRequired":true,"valueName":"search_term_string"}}],"inLanguage":"es"},{"@type":"Organization","@id":"https:\/\/imdhd.org\/redlupa\/#organization","name":"IMDHD","url":"https:\/\/imdhd.org\/redlupa\/","logo":{"@type":"ImageObject","inLanguage":"es","@id":"https:\/\/imdhd.org\/redlupa\/#\/schema\/logo\/image\/","url":"http:\/\/imdhd.org\/redlupa\/wp-content\/uploads\/2023\/08\/logo-red-busqueda-bordes-colores.svg","contentUrl":"http:\/\/imdhd.org\/redlupa\/wp-content\/uploads\/2023\/08\/logo-red-busqueda-bordes-colores.svg","width":1,"height":1,"caption":"IMDHD"},"image":{"@id":"https:\/\/imdhd.org\/redlupa\/#\/schema\/logo\/image\/"}},{"@type":"Person","@id":"https:\/\/imdhd.org\/redlupa\/#\/schema\/person\/74db25010a62c94ec83802156874b13f","name":"admin","image":{"@type":"ImageObject","inLanguage":"es","@id":"https:\/\/secure.gravatar.com\/avatar\/12fe34de4959513a90310b36a309d41a2f2e8c9dec80cb6efa358434d27149fb?s=96&d=mm&r=g","url":"https:\/\/secure.gravatar.com\/avatar\/12fe34de4959513a90310b36a309d41a2f2e8c9dec80cb6efa358434d27149fb?s=96&d=mm&r=g","contentUrl":"https:\/\/secure.gravatar.com\/avatar\/12fe34de4959513a90310b36a309d41a2f2e8c9dec80cb6efa358434d27149fb?s=96&d=mm&r=g","caption":"admin"},"sameAs":["http:\/\/imdhd.org\/redlupa"],"url":"https:\/\/imdhd.org\/redlupa\/author\/admin\/"}]}},"uagb_featured_image_src":{"full":["https:\/\/imdhd.org\/redlupa\/wp-content\/uploads\/2026\/09\/segundo-informa-a-espaldas-de-victimas-desaparicion.jpg",1671,941,false],"thumbnail":["https:\/\/imdhd.org\/redlupa\/wp-content\/uploads\/2026\/09\/segundo-informa-a-espaldas-de-victimas-desaparicion-150x150.jpg",150,150,true],"medium":["https:\/\/imdhd.org\/redlupa\/wp-content\/uploads\/2026\/09\/segundo-informa-a-espaldas-de-victimas-desaparicion-300x169.jpg",300,169,true],"medium_large":["https:\/\/imdhd.org\/redlupa\/wp-content\/uploads\/2026\/09\/segundo-informa-a-espaldas-de-victimas-desaparicion-768x432.jpg",750,422,true],"large":["https:\/\/imdhd.org\/redlupa\/wp-content\/uploads\/2026\/09\/segundo-informa-a-espaldas-de-victimas-desaparicion-1024x577.jpg",750,423,true],"1536x1536":["https:\/\/imdhd.org\/redlupa\/wp-content\/uploads\/2026\/09\/segundo-informa-a-espaldas-de-victimas-desaparicion-1536x865.jpg",1536,865,true],"2048x2048":["https:\/\/imdhd.org\/redlupa\/wp-content\/uploads\/2026\/09\/segundo-informa-a-espaldas-de-victimas-desaparicion.jpg",1671,941,false],"post-thumbnail":["https:\/\/imdhd.org\/redlupa\/wp-content\/uploads\/2026\/09\/segundo-informa-a-espaldas-de-victimas-desaparicion-1568x883.jpg",1568,883,true]},"uagb_author_info":{"display_name":"admin","author_link":"https:\/\/imdhd.org\/redlupa\/author\/admin\/"},"uagb_comment_info":0,"uagb_excerpt":"La desaparici\u00f3n de personas en M\u00e9xico es la principal crisis de derechos humanos que vive el pa\u00eds y, sin embargo, est\u00e1 lejos de ser una prioridad efectiva en las decisiones del gobierno federal.","_links":{"self":[{"href":"https:\/\/imdhd.org\/redlupa\/wp-json\/wp\/v2\/posts\/6325","targetHints":{"allow":["GET"]}}],"collection":[{"href":"https:\/\/imdhd.org\/redlupa\/wp-json\/wp\/v2\/posts"}],"about":[{"href":"https:\/\/imdhd.org\/redlupa\/wp-json\/wp\/v2\/types\/post"}],"author":[{"embeddable":true,"href":"https:\/\/imdhd.org\/redlupa\/wp-json\/wp\/v2\/users\/1"}],"replies":[{"embeddable":true,"href":"https:\/\/imdhd.org\/redlupa\/wp-json\/wp\/v2\/comments?post=6325"}],"version-history":[{"count":3,"href":"https:\/\/imdhd.org\/redlupa\/wp-json\/wp\/v2\/posts\/6325\/revisions"}],"predecessor-version":[{"id":6330,"href":"https:\/\/imdhd.org\/redlupa\/wp-json\/wp\/v2\/posts\/6325\/revisions\/6330"}],"wp:featuredmedia":[{"embeddable":true,"href":"https:\/\/imdhd.org\/redlupa\/wp-json\/wp\/v2\/media\/6326"}],"wp:attachment":[{"href":"https:\/\/imdhd.org\/redlupa\/wp-json\/wp\/v2\/media?parent=6325"}],"wp:term":[{"taxonomy":"category","embeddable":true,"href":"https:\/\/imdhd.org\/redlupa\/wp-json\/wp\/v2\/categories?post=6325"},{"taxonomy":"post_tag","embeddable":true,"href":"https:\/\/imdhd.org\/redlupa\/wp-json\/wp\/v2\/tags?post=6325"}],"curies":[{"name":"wp","href":"https:\/\/api.w.org\/{rel}","templated":true}]}}